{"id":7668,"date":"2026-04-28T15:00:26","date_gmt":"2026-04-28T13:00:26","guid":{"rendered":"https:\/\/janmeifert.de\/blog\/?p=7668"},"modified":"2026-04-24T10:24:30","modified_gmt":"2026-04-24T08:24:30","slug":"lunken-pt-2-3-drei-bilder","status":"publish","type":"post","link":"https:\/\/janmeifert.de\/blog\/?p=7668","title":{"rendered":"lunken (pt. 2\/3, drei Bilder)"},"content":{"rendered":"<p><a data-flickr-embed=\"true\" href=\"https:\/\/www.flickr.com\/photos\/meifert\/55192822144\/in\/dateposted-public\/\" title=\"GL\"><img data-recalc-dims=\"1\" loading=\"lazy\" decoding=\"async\" src=\"https:\/\/i0.wp.com\/live.staticflickr.com\/65535\/55192822144_726e3747a8_z.jpg?resize=640%2C427&#038;ssl=1\" width=\"640\" height=\"427\" alt=\"GL\"\/><\/a><script async src=\"\/\/embedr.flickr.com\/assets\/client-code.js\" charset=\"utf-8\"><\/script><\/p>\n<p><a data-flickr-embed=\"true\" href=\"https:\/\/www.flickr.com\/photos\/meifert\/55194704858\/in\/dateposted-public\/\" title=\"GL\"><img data-recalc-dims=\"1\" loading=\"lazy\" decoding=\"async\" src=\"https:\/\/i0.wp.com\/live.staticflickr.com\/65535\/55194704858_a301ecefb8_z.jpg?resize=640%2C427&#038;ssl=1\" width=\"640\" height=\"427\" alt=\"GL\"\/><\/a><script async src=\"\/\/embedr.flickr.com\/assets\/client-code.js\" charset=\"utf-8\"><\/script><\/p>\n<p><a data-flickr-embed=\"true\" href=\"https:\/\/www.flickr.com\/photos\/meifert\/55196679006\/in\/dateposted-public\/\" title=\"GL\"><img data-recalc-dims=\"1\" loading=\"lazy\" decoding=\"async\" src=\"https:\/\/i0.wp.com\/live.staticflickr.com\/65535\/55196679006_fb0c5f993c_z.jpg?resize=640%2C427&#038;ssl=1\" width=\"640\" height=\"427\" alt=\"GL\"\/><\/a><script async src=\"\/\/embedr.flickr.com\/assets\/client-code.js\" charset=\"utf-8\"><\/script><\/p>\n<p>Ein &#8220;\u00e4lteres&#8221; Viertel in Oslo ist Gr\u00fcnerl\u00f8kka, das recht niedrig gebaut ist und somit an Stockholms Hammarby erinnert. Eigentlich keine Neubauten sind hier zu finden, daf\u00fcr einige alte Fabrik- und Industrieanlagen, die das Viertel interessant machen. Ansonsten ist auch dieses Viertel nicht mehr wirklich &#8220;alternativ&#8221;. Viele Caf\u00e9s und \u00e4hnliche Destinationen, sowie Gesch\u00e4fte mit eigenartigen Dingen richten den Fokus voll auf Konsum, w\u00e4hrend &#8211; siehe Hamburger Schanzen- und Karoviertel &#8211; Gestaltende aus Kunst, Design und Musik nicht mehr sichtbar sind.<\/p>\n<p>Kamera: Canon EOS 500N<br \/>\nFilm: Original Wolfen NC500<br \/>\nLocation: Gr\u00fcnerl\u00f8kka, Oslo<br \/>\nAugust 2025<\/p>\n","protected":false},"excerpt":{"rendered":"<p>Ein &#8220;\u00e4lteres&#8221; Viertel in Oslo ist Gr\u00fcnerl\u00f8kka, das recht niedrig gebaut ist und somit an Stockholms Hammarby erinnert. Eigentlich keine Neubauten sind hier zu finden, daf\u00fcr einige alte Fabrik- und Industrieanlagen, die das Viertel interessant machen. Ansonsten ist auch dieses Viertel nicht mehr wirklich &#8220;alternativ&#8221;. Viele Caf\u00e9s und \u00e4hnliche Destinationen, sowie Gesch\u00e4fte mit eigenartigen Dingen [&hellip;]<\/p>\n","protected":false},"author":1,"featured_media":0,"comment_status":"open","ping_status":"closed","sticky":false,"template":"","format":"standard","meta":{"_monsterinsights_skip_tracking":false,"_monsterinsights_sitenote_active":false,"_monsterinsights_sitenote_note":"","_monsterinsights_sitenote_category":0,"_uf_show_specific_survey":0,"_uf_disable_surveys":false,"jetpack_post_was_ever_published":false,"_jetpack_newsletter_access":"","_jetpack_dont_email_post_to_subs":false,"_jetpack_newsletter_tier_id":0,"_jetpack_memberships_contains_paywalled_content":false,"_jetpack_memberships_contains_paid_content":false,"footnotes":"","jetpack_publicize_message":"","jetpack_publicize_feature_enabled":true,"jetpack_social_post_already_shared":true,"jetpack_social_options":{"image_generator_settings":{"template":"highway","default_image_id":0,"font":"","enabled":false},"version":2}},"categories":[3421],"tags":[49,3546,83,85,92,94,2315,367,416,437,3048,3547,554,3343,3464,3466,3548,3549,1200,2497,1898,1331],"class_list":["post-7668","post","type-post","status-publish","format-standard","hentry","category-norwegen","tag-35mm","tag-akerselva","tag-altbau","tag-alternativ","tag-altstadt","tag-analog","tag-bach","tag-fabrik","tag-film","tag-fluss","tag-gentrifizierung","tag-gruenerlokka","tag-hauptstadt","tag-innenstadt","tag-norwegen","tag-oslo","tag-phoenix","tag-schwan","tag-stadt","tag-staedtisch","tag-stuhl","tag-urban"],"share_on_mastodon":{"url":"https:\/\/mastodon.social\/@meifert\/116482456890184914","error":""},"jetpack_publicize_connections":[],"jetpack_featured_media_url":"","jetpack_sharing_enabled":true,"jetpack_shortlink":"https:\/\/wp.me\/p7113x-1ZG","jetpack_likes_enabled":true,"publishpress_future_action":{"enabled":false,"date":"2026-05-05 17:51:29","action":"change-status","newStatus":"draft","terms":[],"taxonomy":"category","extraData":[]},"publishpress_future_workflow_manual_trigger":{"enabledWorkflows":[]},"_links":{"self":[{"href":"https:\/\/janmeifert.de\/blog\/index.php?rest_route=\/wp\/v2\/posts\/7668","targetHints":{"allow":["GET"]}}],"collection":[{"href":"https:\/\/janmeifert.de\/blog\/index.php?rest_route=\/wp\/v2\/posts"}],"about":[{"href":"https:\/\/janmeifert.de\/blog\/index.php?rest_route=\/wp\/v2\/types\/post"}],"author":[{"embeddable":true,"href":"https:\/\/janmeifert.de\/blog\/index.php?rest_route=\/wp\/v2\/users\/1"}],"replies":[{"embeddable":true,"href":"https:\/\/janmeifert.de\/blog\/index.php?rest_route=%2Fwp%2Fv2%2Fcomments&post=7668"}],"version-history":[{"count":1,"href":"https:\/\/janmeifert.de\/blog\/index.php?rest_route=\/wp\/v2\/posts\/7668\/revisions"}],"predecessor-version":[{"id":7671,"href":"https:\/\/janmeifert.de\/blog\/index.php?rest_route=\/wp\/v2\/posts\/7668\/revisions\/7671"}],"wp:attachment":[{"href":"https:\/\/janmeifert.de\/blog\/index.php?rest_route=%2Fwp%2Fv2%2Fmedia&parent=7668"}],"wp:term":[{"taxonomy":"category","embeddable":true,"href":"https:\/\/janmeifert.de\/blog\/index.php?rest_route=%2Fwp%2Fv2%2Fcategories&post=7668"},{"taxonomy":"post_tag","embeddable":true,"href":"https:\/\/janmeifert.de\/blog\/index.php?rest_route=%2Fwp%2Fv2%2Ftags&post=7668"}],"curies":[{"name":"wp","href":"https:\/\/api.w.org\/{rel}","templated":true}]}}