{"id":7612,"date":"2026-03-10T15:00:25","date_gmt":"2026-03-10T14:00:25","guid":{"rendered":"https:\/\/janmeifert.de\/blog\/?p=7612"},"modified":"2026-02-20T12:32:00","modified_gmt":"2026-02-20T11:32:00","slug":"sommer-eller-host-pt-2-2-vier-bilder","status":"publish","type":"post","link":"https:\/\/janmeifert.de\/blog\/?p=7612","title":{"rendered":"sommer eller h\u00f8st (pt. 2\/2, vier Bilder)"},"content":{"rendered":"<p><a data-flickr-embed=\"true\" href=\"https:\/\/www.flickr.com\/photos\/meifert\/55102433366\/in\/dateposted-public\/\" title=\"sommer eller h\u00f8st\"><img data-recalc-dims=\"1\" loading=\"lazy\" decoding=\"async\" src=\"https:\/\/i0.wp.com\/live.staticflickr.com\/65535\/55102433366_2a8d97344f_z.jpg?resize=640%2C427&#038;ssl=1\" width=\"640\" height=\"427\" alt=\"sommer eller h\u00f8st\"\/><\/a><script async src=\"\/\/embedr.flickr.com\/assets\/client-code.js\" charset=\"utf-8\"><\/script><\/p>\n<p><a data-flickr-embed=\"true\" href=\"https:\/\/www.flickr.com\/photos\/meifert\/55104054726\/in\/dateposted-public\/\" title=\"sommer eller h\u00f8st\"><img data-recalc-dims=\"1\" loading=\"lazy\" decoding=\"async\" src=\"https:\/\/i0.wp.com\/live.staticflickr.com\/65535\/55104054726_ce2b8f6f78_z.jpg?resize=640%2C427&#038;ssl=1\" width=\"640\" height=\"427\" alt=\"sommer eller h\u00f8st\"\/><\/a><script async src=\"\/\/embedr.flickr.com\/assets\/client-code.js\" charset=\"utf-8\"><\/script><\/p>\n<p><a data-flickr-embed=\"true\" href=\"https:\/\/www.flickr.com\/photos\/meifert\/55104318484\/in\/dateposted-public\/\" title=\"sommer eller h\u00f8st\"><img data-recalc-dims=\"1\" loading=\"lazy\" decoding=\"async\" src=\"https:\/\/i0.wp.com\/live.staticflickr.com\/65535\/55104318484_ae0559acb5_z.jpg?resize=640%2C426&#038;ssl=1\" width=\"640\" height=\"426\" alt=\"sommer eller h\u00f8st\"\/><\/a><script async src=\"\/\/embedr.flickr.com\/assets\/client-code.js\" charset=\"utf-8\"><\/script><\/p>\n<p><a data-flickr-embed=\"true\" href=\"https:\/\/www.flickr.com\/photos\/meifert\/55106304625\/in\/dateposted-public\/\" title=\"sommer eller h\u00f8st\"><img data-recalc-dims=\"1\" loading=\"lazy\" decoding=\"async\" src=\"https:\/\/i0.wp.com\/live.staticflickr.com\/65535\/55106304625_24318c12f8_z.jpg?resize=640%2C427&#038;ssl=1\" width=\"640\" height=\"427\" alt=\"sommer eller h\u00f8st\"\/><\/a><script async src=\"\/\/embedr.flickr.com\/assets\/client-code.js\" charset=\"utf-8\"><\/script><\/p>\n<p>Der Herbst gr\u00fc\u00dft in Norwegen schon Ende August. Die Wolken h\u00e4ngen tief und noch tiefer, je mehr Meter man zwischen Normalnull und sich bringt.<\/p>\n<p>Kamera: Canon EOS 500N<br \/>\nFilm: Original Wolfen NC500<br \/>\nLocation: bei Dalen<br \/>\nAugust 2025<\/p>\n","protected":false},"excerpt":{"rendered":"<p>Der Herbst gr\u00fc\u00dft in Norwegen schon Ende August. Die Wolken h\u00e4ngen tief und noch tiefer, je mehr Meter man zwischen Normalnull und sich bringt. Kamera: Canon EOS 500N Film: Original Wolfen NC500 Location: bei Dalen August 2025<\/p>\n","protected":false},"author":1,"featured_media":0,"comment_status":"open","ping_status":"closed","sticky":false,"template":"","format":"standard","meta":{"_monsterinsights_skip_tracking":false,"_monsterinsights_sitenote_active":false,"_monsterinsights_sitenote_note":"","_monsterinsights_sitenote_category":0,"_uf_show_specific_survey":0,"_uf_disable_surveys":false,"jetpack_post_was_ever_published":false,"_jetpack_newsletter_access":"","_jetpack_dont_email_post_to_subs":false,"_jetpack_newsletter_tier_id":0,"_jetpack_memberships_contains_paywalled_content":false,"_jetpack_memberships_contains_paid_content":false,"footnotes":"","jetpack_publicize_message":"","jetpack_publicize_feature_enabled":true,"jetpack_social_post_already_shared":true,"jetpack_social_options":{"image_generator_settings":{"template":"highway","default_image_id":0,"font":"","enabled":false},"version":2}},"categories":[3421],"tags":[49,94,161,162,3516,296,3517,416,572,753,803,2572,3484,2571,901,1168,3513,1367,1404,3515,1426,2450],"class_list":["post-7612","post","type-post","status-publish","format-standard","hentry","category-norwegen","tag-35mm","tag-analog","tag-berg","tag-berge","tag-dalen","tag-diffus","tag-eidsborg","tag-film","tag-herbst","tag-landschaft","tag-magie","tag-magisch","tag-mystik","tag-mystisch","tag-nebel","tag-sommer","tag-telemark","tag-wald","tag-wetter","tag-wolke","tag-wolken","tag-wolkig"],"share_on_mastodon":{"url":"https:\/\/mastodon.social\/@meifert\/116205239408974854","error":""},"jetpack_publicize_connections":[],"jetpack_featured_media_url":"","jetpack_sharing_enabled":true,"jetpack_shortlink":"https:\/\/wp.me\/p7113x-1YM","jetpack_likes_enabled":true,"publishpress_future_action":{"enabled":false,"date":"2026-05-05 14:11:29","action":"change-status","newStatus":"draft","terms":[],"taxonomy":"category","extraData":[]},"publishpress_future_workflow_manual_trigger":{"enabledWorkflows":[]},"_links":{"self":[{"href":"https:\/\/janmeifert.de\/blog\/index.php?rest_route=\/wp\/v2\/posts\/7612","targetHints":{"allow":["GET"]}}],"collection":[{"href":"https:\/\/janmeifert.de\/blog\/index.php?rest_route=\/wp\/v2\/posts"}],"about":[{"href":"https:\/\/janmeifert.de\/blog\/index.php?rest_route=\/wp\/v2\/types\/post"}],"author":[{"embeddable":true,"href":"https:\/\/janmeifert.de\/blog\/index.php?rest_route=\/wp\/v2\/users\/1"}],"replies":[{"embeddable":true,"href":"https:\/\/janmeifert.de\/blog\/index.php?rest_route=%2Fwp%2Fv2%2Fcomments&post=7612"}],"version-history":[{"count":1,"href":"https:\/\/janmeifert.de\/blog\/index.php?rest_route=\/wp\/v2\/posts\/7612\/revisions"}],"predecessor-version":[{"id":7614,"href":"https:\/\/janmeifert.de\/blog\/index.php?rest_route=\/wp\/v2\/posts\/7612\/revisions\/7614"}],"wp:attachment":[{"href":"https:\/\/janmeifert.de\/blog\/index.php?rest_route=%2Fwp%2Fv2%2Fmedia&parent=7612"}],"wp:term":[{"taxonomy":"category","embeddable":true,"href":"https:\/\/janmeifert.de\/blog\/index.php?rest_route=%2Fwp%2Fv2%2Fcategories&post=7612"},{"taxonomy":"post_tag","embeddable":true,"href":"https:\/\/janmeifert.de\/blog\/index.php?rest_route=%2Fwp%2Fv2%2Ftags&post=7612"}],"curies":[{"name":"wp","href":"https:\/\/api.w.org\/{rel}","templated":true}]}}