{"id":7325,"date":"2025-10-16T15:00:33","date_gmt":"2025-10-16T13:00:33","guid":{"rendered":"https:\/\/janmeifert.de\/blog\/?p=7325"},"modified":"2025-10-09T11:06:35","modified_gmt":"2025-10-09T09:06:35","slug":"saisonende-pt-3-3-fuenf-bilder","status":"publish","type":"post","link":"https:\/\/janmeifert.de\/blog\/?p=7325","title":{"rendered":"Saisonende (pt. 3\/3, f\u00fcnf Bilder)"},"content":{"rendered":"<p><a data-flickr-embed=\"true\" href=\"https:\/\/www.flickr.com\/photos\/meifert\/54795523901\/in\/dateposted\/\" title=\"after the summer\"><img data-recalc-dims=\"1\" loading=\"lazy\" decoding=\"async\" src=\"https:\/\/i0.wp.com\/live.staticflickr.com\/65535\/54795523901_ff6144541c_z.jpg?resize=640%2C427&#038;ssl=1\" width=\"640\" height=\"427\" alt=\"after the summer\"\/><\/a><script async src=\"\/\/embedr.flickr.com\/assets\/client-code.js\" charset=\"utf-8\"><\/script><\/p>\n<p><a data-flickr-embed=\"true\" href=\"https:\/\/www.flickr.com\/photos\/meifert\/54804554609\/in\/dateposted\/\" title=\"after the summer\"><img data-recalc-dims=\"1\" loading=\"lazy\" decoding=\"async\" src=\"https:\/\/i0.wp.com\/live.staticflickr.com\/65535\/54804554609_f5fcefa753_z.jpg?resize=640%2C427&#038;ssl=1\" width=\"640\" height=\"427\" alt=\"after the summer\"\/><\/a><script async src=\"\/\/embedr.flickr.com\/assets\/client-code.js\" charset=\"utf-8\"><\/script><\/p>\n<p><a data-flickr-embed=\"true\" href=\"https:\/\/www.flickr.com\/photos\/meifert\/54806878581\/in\/dateposted\/\" title=\"after the summer\"><img data-recalc-dims=\"1\" loading=\"lazy\" decoding=\"async\" src=\"https:\/\/i0.wp.com\/live.staticflickr.com\/65535\/54806878581_a7a5c64620_z.jpg?resize=640%2C427&#038;ssl=1\" width=\"640\" height=\"427\" alt=\"after the summer\"\/><\/a><script async src=\"\/\/embedr.flickr.com\/assets\/client-code.js\" charset=\"utf-8\"><\/script><\/p>\n<p><a data-flickr-embed=\"true\" href=\"https:\/\/www.flickr.com\/photos\/meifert\/54808337107\/in\/dateposted\/\" title=\"after the summer\"><img data-recalc-dims=\"1\" loading=\"lazy\" decoding=\"async\" src=\"https:\/\/i0.wp.com\/live.staticflickr.com\/65535\/54808337107_91a74046ca_z.jpg?resize=640%2C427&#038;ssl=1\" width=\"640\" height=\"427\" alt=\"after the summer\"\/><\/a><script async src=\"\/\/embedr.flickr.com\/assets\/client-code.js\" charset=\"utf-8\"><\/script><\/p>\n<p><a data-flickr-embed=\"true\" href=\"https:\/\/www.flickr.com\/photos\/meifert\/54798475727\/in\/dateposted\/\" title=\"after the summer\"><img data-recalc-dims=\"1\" loading=\"lazy\" decoding=\"async\" src=\"https:\/\/i0.wp.com\/live.staticflickr.com\/65535\/54798475727_9868349280_z.jpg?resize=640%2C427&#038;ssl=1\" width=\"640\" height=\"427\" alt=\"after the summer\"\/><\/a><script async src=\"\/\/embedr.flickr.com\/assets\/client-code.js\" charset=\"utf-8\"><\/script><\/p>\n<p>Eine der gro\u00dfartigsten Badebuchten ist die von Boviken auf Hamburg\u00f6. Im Sommer ist es dort lebhafter, aber l\u00e4ngst nicht \u00fcberlaufen. Anfang September bei einsetzendem Regen traut sich anscheinend niemand mehr ins Wasser. Was vielleicht auch daran liegt, dass statt frischem Nass in Urlaub und Ferien das allt\u00e4gliche Hamsterrad bei der Arbeit und in der Schule rotiert&#8230;<\/p>\n<p>Kamera: Canon EOS M50<br \/>\nLocation: Hamburg\u00f6<br \/>\nSeptember 2025<\/p>\n","protected":false},"excerpt":{"rendered":"<p>Eine der gro\u00dfartigsten Badebuchten ist die von Boviken auf Hamburg\u00f6. Im Sommer ist es dort lebhafter, aber l\u00e4ngst nicht \u00fcberlaufen. Anfang September bei einsetzendem Regen traut sich anscheinend niemand mehr ins Wasser. Was vielleicht auch daran liegt, dass statt frischem Nass in Urlaub und Ferien das allt\u00e4gliche Hamsterrad bei der Arbeit und in der Schule [&hellip;]<\/p>\n","protected":false},"author":1,"featured_media":0,"comment_status":"open","ping_status":"closed","sticky":false,"template":"","format":"standard","meta":{"_monsterinsights_skip_tracking":false,"_monsterinsights_sitenote_active":false,"_monsterinsights_sitenote_note":"","_monsterinsights_sitenote_category":0,"_uf_show_specific_survey":0,"_uf_disable_surveys":false,"jetpack_post_was_ever_published":false,"_jetpack_newsletter_access":"","_jetpack_dont_email_post_to_subs":false,"_jetpack_newsletter_tier_id":0,"_jetpack_memberships_contains_paywalled_content":false,"_jetpack_memberships_contains_paid_content":false,"footnotes":"","jetpack_publicize_message":"","jetpack_publicize_feature_enabled":true,"jetpack_social_post_already_shared":true,"jetpack_social_options":{"image_generator_settings":{"template":"highway","default_image_id":0,"font":"","enabled":false},"version":2}},"categories":[36],"tags":[3386,3383,3385,2836,3376,404,405,2964,3377,3378,623,670,753,3248,945,1084,3375,1123,3374,1228],"class_list":["post-7325","post","type-post","status-publish","format-standard","hentry","category-schweden","tag-badebucht","tag-badestelle","tag-boviken","tag-bucht","tag-eiland","tag-fels","tag-felsen","tag-felsig","tag-hamburgoe","tag-hamburgsund","tag-insel","tag-kattegat","tag-landschaft","tag-norden","tag-ostsee","tag-schaeren","tag-schaerengarten","tag-schweden","tag-skandinavien","tag-strand"],"share_on_mastodon":{"url":"","error":""},"jetpack_publicize_connections":[],"jetpack_featured_media_url":"","jetpack_sharing_enabled":true,"jetpack_shortlink":"https:\/\/wp.me\/p7113x-1U9","jetpack_likes_enabled":true,"publishpress_future_action":{"enabled":false,"date":"2026-05-03 15:16:11","action":"change-status","newStatus":"draft","terms":[],"taxonomy":"category","extraData":[]},"publishpress_future_workflow_manual_trigger":{"enabledWorkflows":[]},"_links":{"self":[{"href":"https:\/\/janmeifert.de\/blog\/index.php?rest_route=\/wp\/v2\/posts\/7325","targetHints":{"allow":["GET"]}}],"collection":[{"href":"https:\/\/janmeifert.de\/blog\/index.php?rest_route=\/wp\/v2\/posts"}],"about":[{"href":"https:\/\/janmeifert.de\/blog\/index.php?rest_route=\/wp\/v2\/types\/post"}],"author":[{"embeddable":true,"href":"https:\/\/janmeifert.de\/blog\/index.php?rest_route=\/wp\/v2\/users\/1"}],"replies":[{"embeddable":true,"href":"https:\/\/janmeifert.de\/blog\/index.php?rest_route=%2Fwp%2Fv2%2Fcomments&post=7325"}],"version-history":[{"count":2,"href":"https:\/\/janmeifert.de\/blog\/index.php?rest_route=\/wp\/v2\/posts\/7325\/revisions"}],"predecessor-version":[{"id":7333,"href":"https:\/\/janmeifert.de\/blog\/index.php?rest_route=\/wp\/v2\/posts\/7325\/revisions\/7333"}],"wp:attachment":[{"href":"https:\/\/janmeifert.de\/blog\/index.php?rest_route=%2Fwp%2Fv2%2Fmedia&parent=7325"}],"wp:term":[{"taxonomy":"category","embeddable":true,"href":"https:\/\/janmeifert.de\/blog\/index.php?rest_route=%2Fwp%2Fv2%2Fcategories&post=7325"},{"taxonomy":"post_tag","embeddable":true,"href":"https:\/\/janmeifert.de\/blog\/index.php?rest_route=%2Fwp%2Fv2%2Ftags&post=7325"}],"curies":[{"name":"wp","href":"https:\/\/api.w.org\/{rel}","templated":true}]}}