{"id":710,"date":"2014-08-19T21:08:00","date_gmt":"2014-08-19T21:08:00","guid":{"rendered":"https:\/\/janmeifert.wordpress.com\/2014\/08\/19\/im-spatsommer-2002-zog-ich-zuhause-aus-und"},"modified":"2014-08-19T21:08:00","modified_gmt":"2014-08-19T21:08:00","slug":"im-spatsommer-2002-zog-ich-zuhause-aus-und","status":"publish","type":"post","link":"https:\/\/janmeifert.de\/blog\/?p=710","title":{"rendered":"Sch\u00fctzenstra\u00dfe, Itzehoe"},"content":{"rendered":"<p>\t\t\t\t<img data-recalc-dims=\"1\" loading=\"lazy\" decoding=\"async\" class=\"alignnone size-full wp-image-711\" src=\"https:\/\/i0.wp.com\/www.janmeifert.de\/wp-content\/uploads\/2014\/08\/tumblr_nako2zbvdd1s3nxl8o1_1280.jpg?resize=1024%2C682\" alt=\"\" width=\"1024\" height=\"682\" srcset=\"https:\/\/i0.wp.com\/janmeifert.de\/blog\/wp-content\/uploads\/2014\/08\/tumblr_nako2zbvdd1s3nxl8o1_1280.jpg?w=1280&amp;ssl=1 1280w, https:\/\/i0.wp.com\/janmeifert.de\/blog\/wp-content\/uploads\/2014\/08\/tumblr_nako2zbvdd1s3nxl8o1_1280.jpg?resize=300%2C200&amp;ssl=1 300w, https:\/\/i0.wp.com\/janmeifert.de\/blog\/wp-content\/uploads\/2014\/08\/tumblr_nako2zbvdd1s3nxl8o1_1280.jpg?resize=768%2C511&amp;ssl=1 768w, https:\/\/i0.wp.com\/janmeifert.de\/blog\/wp-content\/uploads\/2014\/08\/tumblr_nako2zbvdd1s3nxl8o1_1280.jpg?resize=1024%2C682&amp;ssl=1 1024w\" sizes=\"auto, (max-width: 1000px) 100vw, 1000px\" \/><\/p>\n<p class=\"western\">Im Sp\u00e4tsommer 2002 zog ich Zuhause aus und gr\u00fcndete mit einem Freund eine Wohngemeinschaft in der damals schon maroden Itzehoer Sch\u00fctzenstra\u00dfe. Zwei Jahre lang lebten wir dort, h\u00f6rten laute Musik in der Regel laut und feierten bisweilen noch lauter. Rund elf Jahre sp\u00e4ter befindet sich mein Arbeitsplatz knapp 400 Meter von meiner ersten eigenen Bude entfernt und als ich eines Morgens meine Pausenverpflegung auf dem heimischen K\u00fcchentisch verga\u00df, passierte ich auf dem Weg zum n\u00e4chsten B\u00e4cker die Sch\u00fctzenstra\u00dfe. Diese lud mit ihrem maroden Charme f\u00f6rmlich dazu ein, bald dort zu fotografieren. Einige Tage danach war ich mit meinem Modell <a href=\"http:\/\/www.janmeifert.de\/blog\/?p=862\" target=\"_blank\" rel=\"noopener noreferrer\">Jana<\/a> dort und ein Jahr sp\u00e4ter, im Februar 2014, erneut, um dieses Viertel in diesem Zustand fotografisch zu festzuhalten. Dazu nutzte ich eine alte Sucherkamera und einen 1994 abgelaufenen Kleinbildfilm, der einen gelben Schleier \u00fcber die Bilder legen und so das Flair des Vergangenen darstellen sollte. Die urspr\u00fcngliche Perspektive am oberen Ende der Sch\u00fctzenstra\u00dfe (Ecke Kasernenstra\u00dfe) war jedoch nicht mehr zug\u00e4nglich, die Stra\u00dfenbel\u00e4ge wurden gerade erneuert. Also ging ich ans untere Ende (Ecke Moltkestra\u00dfe) und fotografierte von dort, direkt vor meinem ehemaligen Wohnhaus (Sch\u00fctzenstra\u00dfe 1, erstes Haus links).<\/p>\n<p class=\"western\">Rund drei Wochen sp\u00e4ter, der Film war noch in der Entwicklung, wackelten auf der Arbeit gegen 10.00 Uhr morgens kr\u00e4ftig die W\u00e4nde. Zun\u00e4chst schaute ich mich um, ob nicht eine_r der Sch\u00fcler_innen in einem Wutausbruch aus dem Raum gerannt war, diese erledigten jedoch konzentriert ihre Aufgaben. Circa eine halbe Stunde sp\u00e4ter erschien mein Arbeitgeber im Raum und fragte die Sch\u00fcler_innen, ob jemand in Sch\u00fctzenstra\u00dfe und Umgebung wohne, da dort ein Haus zu Schaden gekommen sei. Diese Frage wurde von allen Sch\u00fcler_innen meiner Gruppe verneint. Gegen Mittag tauchten erste Fotos von der Ungl\u00fcckstelle im Internet auf. Unser ehemaliges Nachbarhaus (Sch\u00fctzenstra\u00dfe 3, zweites Haus links), das ich\u00a0morgens und abends beim Rollohoch- und -runterziehen sah, ist in Folge einer Gasexplosion in Schutt und Asche gelegt worden. Vier Menschen verloren dabei ihr Leben, viele weitere in den umliegenden, teils schwer besch\u00e4digten H\u00e4usern dauerhaft ihre Bleibe, auch mein Kurs zeigte sich bewegt und setzte sich mit diesem Thema auseinander.<\/p>\n<p class=\"western\">Edit: Die Sch\u00fctzenstra\u00dfe 1 wurde (Stand: Ende Juli 2014) mittlerweile abgerissen. Kurz darauf wurde bekannt, dass bei einer <a href=\"http:\/\/www.shz.de\/lokales\/norddeutsche-rundschau\/ermittlungen-gasleitung-fehlt-im-kataster-id7401456.html\" target=\"_blank\" rel=\"noopener noreferrer\">\u00dcberarbeitung des Katasters in den 1970er (!) Jahren offenbar eine Gasleitung<\/a> nicht \u00fcbertragen wurde. Soll hei\u00dfen, dass die Anwohner auch bei einer fr\u00fcheren Sanierung der Sch\u00fctzenstra\u00dfe bereits h\u00f6chster Lebensgefahr ausgesetzt gewesen w\u00e4ren\u2026<\/p>\n<p class=\"western\">Kamera: Canon AF35M<br \/>\nFilm: Kodak Gold II 200 (exp. 10\/1994)<br \/>\nFebruar 2014, \u00a9 Jan Meifert, alle Rechte vorbehalten.<\/p>\n<p>im Sommer 2014 ausgestellt in der\u00a0<a href=\"http:\/\/www.freie-kunstschule-hh-fiu.de\/\" target=\"_blank\" rel=\"noopener noreferrer\">Freien Kunstschule Hamburg<\/a>\t\t<\/p>\n","protected":false},"excerpt":{"rendered":"<p>Im Sp\u00e4tsommer 2002 zog ich Zuhause aus und gr\u00fcndete mit einem Freund eine Wohngemeinschaft in der damals schon maroden Itzehoer Sch\u00fctzenstra\u00dfe. Zwei Jahre lang lebten wir dort, h\u00f6rten laute Musik in der Regel laut und feierten bisweilen noch lauter. Rund elf Jahre sp\u00e4ter befindet sich mein Arbeitsplatz knapp 400 Meter von meiner ersten eigenen Bude [&hellip;]<\/p>\n","protected":false},"author":1,"featured_media":0,"comment_status":"open","ping_status":"closed","sticky":false,"template":"","format":"image","meta":{"_monsterinsights_skip_tracking":false,"_monsterinsights_sitenote_active":false,"_monsterinsights_sitenote_note":"","_monsterinsights_sitenote_category":0,"_uf_show_specific_survey":0,"_uf_disable_surveys":false,"jetpack_post_was_ever_published":false,"_jetpack_newsletter_access":"","_jetpack_dont_email_post_to_subs":true,"_jetpack_newsletter_tier_id":0,"_jetpack_memberships_contains_paywalled_content":false,"_jetpack_memberships_contains_paid_content":false,"footnotes":"","jetpack_publicize_message":"","jetpack_publicize_feature_enabled":true,"jetpack_social_post_already_shared":true,"jetpack_social_options":{"image_generator_settings":{"template":"highway","default_image_id":0,"font":"","enabled":false},"version":2}},"categories":[32],"tags":[364,480,481,635,667,849,1117],"class_list":["post-710","post","type-post","status-publish","format-image","hentry","category-news","tag-explosion","tag-gas","tag-gasexplosion","tag-itzehoe","tag-kasernenstrase","tag-moltkestrase","tag-schutzenstrase","post_format-post-format-image"],"share_on_mastodon":{"url":"","error":""},"jetpack_publicize_connections":[],"jetpack_featured_media_url":"","jetpack_sharing_enabled":true,"jetpack_shortlink":"https:\/\/wp.me\/p7113x-bs","jetpack_likes_enabled":true,"publishpress_future_action":{"enabled":false,"date":"2026-05-05 10:35:30","action":"change-status","newStatus":"draft","terms":[],"taxonomy":"category","extraData":[]},"publishpress_future_workflow_manual_trigger":{"enabledWorkflows":[]},"_links":{"self":[{"href":"https:\/\/janmeifert.de\/blog\/index.php?rest_route=\/wp\/v2\/posts\/710","targetHints":{"allow":["GET"]}}],"collection":[{"href":"https:\/\/janmeifert.de\/blog\/index.php?rest_route=\/wp\/v2\/posts"}],"about":[{"href":"https:\/\/janmeifert.de\/blog\/index.php?rest_route=\/wp\/v2\/types\/post"}],"author":[{"embeddable":true,"href":"https:\/\/janmeifert.de\/blog\/index.php?rest_route=\/wp\/v2\/users\/1"}],"replies":[{"embeddable":true,"href":"https:\/\/janmeifert.de\/blog\/index.php?rest_route=%2Fwp%2Fv2%2Fcomments&post=710"}],"version-history":[{"count":0,"href":"https:\/\/janmeifert.de\/blog\/index.php?rest_route=\/wp\/v2\/posts\/710\/revisions"}],"wp:attachment":[{"href":"https:\/\/janmeifert.de\/blog\/index.php?rest_route=%2Fwp%2Fv2%2Fmedia&parent=710"}],"wp:term":[{"taxonomy":"category","embeddable":true,"href":"https:\/\/janmeifert.de\/blog\/index.php?rest_route=%2Fwp%2Fv2%2Fcategories&post=710"},{"taxonomy":"post_tag","embeddable":true,"href":"https:\/\/janmeifert.de\/blog\/index.php?rest_route=%2Fwp%2Fv2%2Ftags&post=710"}],"curies":[{"name":"wp","href":"https:\/\/api.w.org\/{rel}","templated":true}]}}