{"id":6147,"date":"2023-07-17T16:00:02","date_gmt":"2023-07-17T14:00:02","guid":{"rendered":"https:\/\/janmeifert.de\/blog\/?p=6147"},"modified":"2023-07-05T22:06:02","modified_gmt":"2023-07-05T20:06:02","slug":"bernadette-und-der-baum-session-i-pt-2-2-drei-bilder","status":"publish","type":"post","link":"https:\/\/janmeifert.de\/blog\/?p=6147","title":{"rendered":"Bernadette und der Baum (Session I, pt. 2\/2, drei Bilder)"},"content":{"rendered":"<p><a data-flickr-embed=\"true\" href=\"https:\/\/www.flickr.com\/photos\/meifert\/52931610513\/in\/dateposted\/\" title=\"Bernadette and the tree\"><img data-recalc-dims=\"1\" loading=\"lazy\" decoding=\"async\" src=\"https:\/\/i0.wp.com\/live.staticflickr.com\/65535\/52931610513_a2ab6601a8_z.jpg?resize=640%2C638&#038;ssl=1\" width=\"640\" height=\"638\" alt=\"Bernadette and the tree\"\/><\/a><script async src=\"\/\/embedr.flickr.com\/assets\/client-code.js\" charset=\"utf-8\"><\/script><\/p>\n<p><a data-flickr-embed=\"true\" href=\"https:\/\/www.flickr.com\/photos\/meifert\/52940985480\/in\/dateposted\/\" title=\"Bernadette\"><img data-recalc-dims=\"1\" loading=\"lazy\" decoding=\"async\" src=\"https:\/\/i0.wp.com\/live.staticflickr.com\/65535\/52940985480_b1ac6e1e22_z.jpg?resize=640%2C639&#038;ssl=1\" width=\"640\" height=\"639\" alt=\"Bernadette\"\/><\/a><script async src=\"\/\/embedr.flickr.com\/assets\/client-code.js\" charset=\"utf-8\"><\/script><\/p>\n<p><a data-flickr-embed=\"true\" href=\"https:\/\/www.flickr.com\/photos\/meifert\/52937428726\/in\/dateposted\/\" title=\"Bernadette\"><img data-recalc-dims=\"1\" loading=\"lazy\" decoding=\"async\" src=\"https:\/\/i0.wp.com\/live.staticflickr.com\/65535\/52937428726_67e7ef43a0_z.jpg?resize=640%2C638&#038;ssl=1\" width=\"640\" height=\"638\" alt=\"Bernadette\"\/><\/a><script async src=\"\/\/embedr.flickr.com\/assets\/client-code.js\" charset=\"utf-8\"><\/script><\/p>\n<p>Volle Pr\u00e4senz f\u00fcr Bernadette! Mit dieser Serie und der dazugeh\u00f6rigen Frage beendeten wir eine grandiose und stimmungsvolle Session &#8211; und ich (letztlich unfreiwillig) das Portraitjahr 2022.<\/p>\n<p>Kamera: Hasselblad 500C<br \/>\nFilm: Kodak Tri-X Pan 400 (expired 08\/1989, Bernadettes Geburtsjahr; pushed ISO 50)<br \/>\nLocation:<br \/>\nOktober 2022<\/p>\n","protected":false},"excerpt":{"rendered":"<p>Volle Pr\u00e4senz f\u00fcr Bernadette! Mit dieser Serie und der dazugeh\u00f6rigen Frage beendeten wir eine grandiose und stimmungsvolle Session &#8211; und ich (letztlich unfreiwillig) das Portraitjahr 2022. Kamera: Hasselblad 500C Film: Kodak Tri-X Pan 400 (expired 08\/1989, Bernadettes Geburtsjahr; pushed ISO 50) Location: Oktober 2022<\/p>\n","protected":false},"author":1,"featured_media":0,"comment_status":"open","ping_status":"closed","sticky":false,"template":"","format":"standard","meta":{"_monsterinsights_skip_tracking":false,"_monsterinsights_sitenote_active":false,"_monsterinsights_sitenote_note":"","_monsterinsights_sitenote_category":0,"_uf_show_specific_survey":0,"_uf_disable_surveys":false,"jetpack_post_was_ever_published":false,"_jetpack_newsletter_access":"","_jetpack_dont_email_post_to_subs":false,"_jetpack_newsletter_tier_id":0,"_jetpack_memberships_contains_paywalled_content":false,"_jetpack_memberships_contains_paid_content":false,"footnotes":"","jetpack_publicize_message":"","jetpack_publicize_feature_enabled":true,"jetpack_social_post_already_shared":true,"jetpack_social_options":{"image_generator_settings":{"template":"highway","default_image_id":0,"font":"","enabled":false},"version":2}},"categories":[1647,6,2544],"tags":[40,55,94,152,416,445,448,630,631,763,840,996,2016,1051,1066,1108,2116],"class_list":["post-6147","post","type-post","status-publish","format-standard","hentry","category-1978-vs","category-portraits-analog","category-portraits-2022","tag-40","tag-6x6","tag-analog","tag-baum","tag-film","tag-frage","tag-frau","tag-intim","tag-intimitaet","tag-leben","tag-mittelformat","tag-portraet","tag-praesenz","tag-rollfilm","tag-sw","tag-schoen","tag-solitaerbaum"],"share_on_mastodon":{"url":"","error":""},"jetpack_publicize_connections":[],"jetpack_featured_media_url":"","jetpack_sharing_enabled":true,"jetpack_shortlink":"https:\/\/wp.me\/p7113x-1B9","jetpack_likes_enabled":true,"publishpress_future_action":{"enabled":false,"date":"2026-05-08 22:03:58","action":"change-status","newStatus":"draft","terms":[],"taxonomy":"category","extraData":[]},"publishpress_future_workflow_manual_trigger":{"enabledWorkflows":[]},"_links":{"self":[{"href":"https:\/\/janmeifert.de\/blog\/index.php?rest_route=\/wp\/v2\/posts\/6147","targetHints":{"allow":["GET"]}}],"collection":[{"href":"https:\/\/janmeifert.de\/blog\/index.php?rest_route=\/wp\/v2\/posts"}],"about":[{"href":"https:\/\/janmeifert.de\/blog\/index.php?rest_route=\/wp\/v2\/types\/post"}],"author":[{"embeddable":true,"href":"https:\/\/janmeifert.de\/blog\/index.php?rest_route=\/wp\/v2\/users\/1"}],"replies":[{"embeddable":true,"href":"https:\/\/janmeifert.de\/blog\/index.php?rest_route=%2Fwp%2Fv2%2Fcomments&post=6147"}],"version-history":[{"count":2,"href":"https:\/\/janmeifert.de\/blog\/index.php?rest_route=\/wp\/v2\/posts\/6147\/revisions"}],"predecessor-version":[{"id":6153,"href":"https:\/\/janmeifert.de\/blog\/index.php?rest_route=\/wp\/v2\/posts\/6147\/revisions\/6153"}],"wp:attachment":[{"href":"https:\/\/janmeifert.de\/blog\/index.php?rest_route=%2Fwp%2Fv2%2Fmedia&parent=6147"}],"wp:term":[{"taxonomy":"category","embeddable":true,"href":"https:\/\/janmeifert.de\/blog\/index.php?rest_route=%2Fwp%2Fv2%2Fcategories&post=6147"},{"taxonomy":"post_tag","embeddable":true,"href":"https:\/\/janmeifert.de\/blog\/index.php?rest_route=%2Fwp%2Fv2%2Ftags&post=6147"}],"curies":[{"name":"wp","href":"https:\/\/api.w.org\/{rel}","templated":true}]}}