{"id":5700,"date":"2023-03-02T17:00:52","date_gmt":"2023-03-02T16:00:52","guid":{"rendered":"https:\/\/janmeifert.de\/blog\/?p=5700"},"modified":"2023-03-02T17:12:33","modified_gmt":"2023-03-02T16:12:33","slug":"fruehling-vs-winter-1-1-sieben-bilder","status":"publish","type":"post","link":"https:\/\/janmeifert.de\/blog\/?p=5700","title":{"rendered":"Fr\u00fchling vs Winter 1-1 (sieben Bilder)"},"content":{"rendered":"<p><a data-flickr-embed=\"true\" href=\"https:\/\/www.flickr.com\/photos\/meifert\/52674528741\/in\/dateposted\/\" title=\"a call for spring\"><img data-recalc-dims=\"1\" loading=\"lazy\" decoding=\"async\" src=\"https:\/\/i0.wp.com\/live.staticflickr.com\/65535\/52674528741_07fd7ccd40_z.jpg?resize=640%2C436&#038;ssl=1\" width=\"640\" height=\"436\" alt=\"a call for spring\"><\/a><script async src=\"\/\/embedr.flickr.com\/assets\/client-code.js\" charset=\"utf-8\"><\/script><\/p>\n<p><a data-flickr-embed=\"true\" href=\"https:\/\/www.flickr.com\/photos\/meifert\/52676224496\/in\/dateposted\/\" title=\"a call for spring\"><img data-recalc-dims=\"1\" loading=\"lazy\" decoding=\"async\" src=\"https:\/\/i0.wp.com\/live.staticflickr.com\/65535\/52676224496_829af5aa15_z.jpg?resize=640%2C436&#038;ssl=1\" width=\"640\" height=\"436\" alt=\"a call for spring\"><\/a><script async src=\"\/\/embedr.flickr.com\/assets\/client-code.js\" charset=\"utf-8\"><\/script><\/p>\n<p><a data-flickr-embed=\"true\" href=\"https:\/\/www.flickr.com\/photos\/meifert\/52678545573\/in\/dateposted\/\" title=\"a call for spring\"><img data-recalc-dims=\"1\" loading=\"lazy\" decoding=\"async\" src=\"https:\/\/i0.wp.com\/live.staticflickr.com\/65535\/52678545573_c592bc7423_z.jpg?resize=640%2C436&#038;ssl=1\" width=\"640\" height=\"436\" alt=\"a call for spring\"><\/a><script async src=\"\/\/embedr.flickr.com\/assets\/client-code.js\" charset=\"utf-8\"><\/script><\/p>\n<p><a data-flickr-embed=\"true\" href=\"https:\/\/www.flickr.com\/photos\/meifert\/52680376948\/in\/dateposted\/\" title=\"a call for spring\"><img data-recalc-dims=\"1\" loading=\"lazy\" decoding=\"async\" src=\"https:\/\/i0.wp.com\/live.staticflickr.com\/65535\/52680376948_3207bef354_z.jpg?resize=640%2C436&#038;ssl=1\" width=\"640\" height=\"436\" alt=\"a call for spring\"><\/a><script async src=\"\/\/embedr.flickr.com\/assets\/client-code.js\" charset=\"utf-8\"><\/script><\/p>\n<p><a data-flickr-embed=\"true\" href=\"https:\/\/www.flickr.com\/photos\/meifert\/52681152167\/in\/dateposted\/\" title=\"a call for spring\"><img data-recalc-dims=\"1\" loading=\"lazy\" decoding=\"async\" src=\"https:\/\/i0.wp.com\/live.staticflickr.com\/65535\/52681152167_6eb7a3dbcc_z.jpg?resize=640%2C436&#038;ssl=1\" width=\"640\" height=\"436\" alt=\"a call for spring\"><\/a><script async src=\"\/\/embedr.flickr.com\/assets\/client-code.js\" charset=\"utf-8\"><\/script><\/p>\n<p><a data-flickr-embed=\"true\" href=\"https:\/\/www.flickr.com\/photos\/meifert\/52684622325\/in\/dateposted\/\" title=\"a call for spring\"><img data-recalc-dims=\"1\" loading=\"lazy\" decoding=\"async\" src=\"https:\/\/i0.wp.com\/live.staticflickr.com\/65535\/52684622325_0c3d152786_z.jpg?resize=640%2C436&#038;ssl=1\" width=\"640\" height=\"436\" alt=\"a call for spring\"><\/a><script async src=\"\/\/embedr.flickr.com\/assets\/client-code.js\" charset=\"utf-8\"><\/script><\/p>\n<p><a data-flickr-embed=\"true\" href=\"https:\/\/www.flickr.com\/photos\/meifert\/52686573051\/in\/dateposted\/\" title=\"a call for spring\"><img data-recalc-dims=\"1\" loading=\"lazy\" decoding=\"async\" src=\"https:\/\/i0.wp.com\/live.staticflickr.com\/65535\/52686573051_13663245b6_z.jpg?resize=640%2C436&#038;ssl=1\" width=\"640\" height=\"436\" alt=\"a call for spring\"><\/a><script async src=\"\/\/embedr.flickr.com\/assets\/client-code.js\" charset=\"utf-8\"><\/script><\/p>\n<p>Der Begriff &#8220;Klimawandel&#8221; ist dann doch nur ein neoliberaler. Klingt ja auch viel bes\u00e4nftigender als &#8220;Klimakatastrophe&#8221; oder &#8220;Klimakrise&#8221;. Und Krisen sind ja auch meistens schnell ausgestanden; als langj\u00e4hriger HSV-G\u00e4nger wei\u00df ich es nur zu gut. Winter mit viel Schnee in Mittelholstein und damit meine ich mehr als f\u00fcnfzehn Zentimeter f\u00fcr zwei oder drei Tage? Die gab es zuletzt, mutma\u00dfe ich zielgenau, 1988 und 2010. Dabei gibt es doch nur diesen einen Planeten mit Bier.<\/p>\n<p>Kamera: Canon T70<br \/>\nFilm: Kodak Farbwelt 400 (expired 08\/2007, pulled ISO 160)<br \/>\nLocation: Kellinghusen<br \/>\nM\u00e4rz 2022<\/p>\n","protected":false},"excerpt":{"rendered":"<p>Der Begriff &#8220;Klimawandel&#8221; ist dann doch nur ein neoliberaler. Klingt ja auch viel bes\u00e4nftigender als &#8220;Klimakatastrophe&#8221; oder &#8220;Klimakrise&#8221;. Und Krisen sind ja auch meistens schnell ausgestanden; als langj\u00e4hriger HSV-G\u00e4nger wei\u00df ich es nur zu gut. Winter mit viel Schnee in Mittelholstein und damit meine ich mehr als f\u00fcnfzehn Zentimeter f\u00fcr zwei oder drei Tage? Die [&hellip;]<\/p>\n","protected":false},"author":1,"featured_media":0,"comment_status":"open","ping_status":"closed","sticky":false,"template":"","format":"standard","meta":{"_monsterinsights_skip_tracking":false,"_monsterinsights_sitenote_active":false,"_monsterinsights_sitenote_note":"","_monsterinsights_sitenote_category":0,"_uf_show_specific_survey":0,"_uf_disable_surveys":false,"jetpack_post_was_ever_published":false,"_jetpack_newsletter_access":"","_jetpack_dont_email_post_to_subs":false,"_jetpack_newsletter_tier_id":0,"_jetpack_memberships_contains_paywalled_content":false,"_jetpack_memberships_contains_paid_content":false,"footnotes":"","jetpack_publicize_message":"","jetpack_publicize_feature_enabled":true,"jetpack_social_post_already_shared":true,"jetpack_social_options":{"image_generator_settings":{"template":"highway","default_image_id":0,"font":"","enabled":false},"version":2}},"categories":[28],"tags":[49,94,2801,152,153,1544,197,198,199,202,2470,416,459,541,678,692,2805,2803,2804,2799,2800,1071,1106,2802,1418,2798],"class_list":["post-5700","post","type-post","status-publish","format-standard","hentry","category-kellinghusen-wrist","tag-35mm","tag-analog","tag-aeste","tag-baum","tag-baeume","tag-blume","tag-blumen","tag-bluete","tag-blueten","tag-bokeh","tag-detail","tag-film","tag-fruehling","tag-hanami","tag-kellinghusen","tag-kirschblute","tag-klimakatastrophe","tag-klimakrise","tag-klimawandel","tag-narzisse","tag-osterglocke","tag-sakura","tag-schnee","tag-tiefenschaerfe","tag-winter","tag-wintereinbruch"],"share_on_mastodon":{"url":"","error":""},"jetpack_publicize_connections":[],"jetpack_featured_media_url":"","jetpack_sharing_enabled":true,"jetpack_shortlink":"https:\/\/wp.me\/p7113x-1tW","jetpack_likes_enabled":true,"publishpress_future_action":{"enabled":false,"date":"2026-05-09 09:39:33","action":"change-status","newStatus":"draft","terms":[],"taxonomy":"category","extraData":[]},"publishpress_future_workflow_manual_trigger":{"enabledWorkflows":[]},"_links":{"self":[{"href":"https:\/\/janmeifert.de\/blog\/index.php?rest_route=\/wp\/v2\/posts\/5700","targetHints":{"allow":["GET"]}}],"collection":[{"href":"https:\/\/janmeifert.de\/blog\/index.php?rest_route=\/wp\/v2\/posts"}],"about":[{"href":"https:\/\/janmeifert.de\/blog\/index.php?rest_route=\/wp\/v2\/types\/post"}],"author":[{"embeddable":true,"href":"https:\/\/janmeifert.de\/blog\/index.php?rest_route=\/wp\/v2\/users\/1"}],"replies":[{"embeddable":true,"href":"https:\/\/janmeifert.de\/blog\/index.php?rest_route=%2Fwp%2Fv2%2Fcomments&post=5700"}],"version-history":[{"count":4,"href":"https:\/\/janmeifert.de\/blog\/index.php?rest_route=\/wp\/v2\/posts\/5700\/revisions"}],"predecessor-version":[{"id":5732,"href":"https:\/\/janmeifert.de\/blog\/index.php?rest_route=\/wp\/v2\/posts\/5700\/revisions\/5732"}],"wp:attachment":[{"href":"https:\/\/janmeifert.de\/blog\/index.php?rest_route=%2Fwp%2Fv2%2Fmedia&parent=5700"}],"wp:term":[{"taxonomy":"category","embeddable":true,"href":"https:\/\/janmeifert.de\/blog\/index.php?rest_route=%2Fwp%2Fv2%2Fcategories&post=5700"},{"taxonomy":"post_tag","embeddable":true,"href":"https:\/\/janmeifert.de\/blog\/index.php?rest_route=%2Fwp%2Fv2%2Ftags&post=5700"}],"curies":[{"name":"wp","href":"https:\/\/api.w.org\/{rel}","templated":true}]}}