{"id":5608,"date":"2022-12-22T17:00:53","date_gmt":"2022-12-22T16:00:53","guid":{"rendered":"https:\/\/janmeifert.de\/blog\/?p=5608"},"modified":"2022-12-11T15:28:11","modified_gmt":"2022-12-11T14:28:11","slug":"doris-im-peplos-session-iv-pt-3-3-drei-bilder","status":"publish","type":"post","link":"https:\/\/janmeifert.de\/blog\/?p=5608","title":{"rendered":"Doris, die Geberin (Session IV, pt. 3\/3, drei Bilder)"},"content":{"rendered":"<p><a data-flickr-embed=\"true\" href=\"https:\/\/www.flickr.com\/photos\/meifert\/52519662250\/in\/dateposted\/\" title=\"Doris\"><img data-recalc-dims=\"1\" loading=\"lazy\" decoding=\"async\" src=\"https:\/\/i0.wp.com\/live.staticflickr.com\/65535\/52519662250_ebd7c91c54_z.jpg?resize=634%2C640&#038;ssl=1\" width=\"634\" height=\"640\" alt=\"Doris\"><\/a><script async src=\"\/\/embedr.flickr.com\/assets\/client-code.js\" charset=\"utf-8\"><\/script><\/p>\n<p><a data-flickr-embed=\"true\" href=\"https:\/\/www.flickr.com\/photos\/meifert\/52519460374\/in\/dateposted\/\" title=\"Doris\"><img data-recalc-dims=\"1\" loading=\"lazy\" decoding=\"async\" src=\"https:\/\/i0.wp.com\/live.staticflickr.com\/65535\/52519460374_4c829d71c2_z.jpg?resize=635%2C640&#038;ssl=1\" width=\"635\" height=\"640\" alt=\"Doris\"><\/a><script async src=\"\/\/embedr.flickr.com\/assets\/client-code.js\" charset=\"utf-8\"><\/script><\/p>\n<p><a data-flickr-embed=\"true\" href=\"https:\/\/www.flickr.com\/photos\/meifert\/52520877933\/in\/dateposted\/\" title=\"Doris\"><img data-recalc-dims=\"1\" loading=\"lazy\" decoding=\"async\" src=\"https:\/\/i0.wp.com\/live.staticflickr.com\/65535\/52520877933_30607acf81_z.jpg?resize=632%2C640&#038;ssl=1\" width=\"632\" height=\"640\" alt=\"Doris\"><\/a><script async src=\"\/\/embedr.flickr.com\/assets\/client-code.js\" charset=\"utf-8\"><\/script><\/p>\n<p>Der Name Doris entstammt dem Altgriechischen und bedeutet &#8220;die Geberin&#8221;. Bereits in Homers &#8220;Ilias&#8221;, das im siebenten oder achten Jahrhundert vor Christi Geburt entstand, wurde sie erw\u00e4hnt. Als eine der Okeaniden wirkt sie sowohl an der See als auch in Binnen- beziehungsweise S\u00fc\u00dfgew\u00e4ssern.<\/p>\n<p>Kamera: Hasselblad 500C<br \/>\nFilm: Kodak T-Max 400 (expired 10\/2008)<br \/>\nLocation: Oortkaten<br \/>\nAugust 2022<\/p>\n","protected":false},"excerpt":{"rendered":"<p>Der Name Doris entstammt dem Altgriechischen und bedeutet &#8220;die Geberin&#8221;. Bereits in Homers &#8220;Ilias&#8221;, das im siebenten oder achten Jahrhundert vor Christi Geburt entstand, wurde sie erw\u00e4hnt. Als eine der Okeaniden wirkt sie sowohl an der See als auch in Binnen- beziehungsweise S\u00fc\u00dfgew\u00e4ssern. Kamera: Hasselblad 500C Film: Kodak T-Max 400 (expired 10\/2008) Location: Oortkaten August [&hellip;]<\/p>\n","protected":false},"author":1,"featured_media":0,"comment_status":"open","ping_status":"closed","sticky":false,"template":"","format":"standard","meta":{"_monsterinsights_skip_tracking":false,"_monsterinsights_sitenote_active":false,"_monsterinsights_sitenote_note":"","_monsterinsights_sitenote_category":0,"_uf_show_specific_survey":0,"_uf_disable_surveys":false,"jetpack_post_was_ever_published":false,"_jetpack_newsletter_access":"","_jetpack_dont_email_post_to_subs":false,"_jetpack_newsletter_tier_id":0,"_jetpack_memberships_contains_paywalled_content":false,"_jetpack_memberships_contains_paid_content":false,"footnotes":"","jetpack_publicize_message":"","jetpack_publicize_feature_enabled":true,"jetpack_social_post_already_shared":true,"jetpack_social_options":{"image_generator_settings":{"template":"highway","default_image_id":0,"font":"","enabled":false},"version":2}},"categories":[6,2544],"tags":[40,55,94,153,2633,340,416,2758,552,840,2759,896,2757,995,996,1051,1061,1066,1793,1377,1391],"class_list":["post-5608","post","type-post","status-publish","format-standard","hentry","category-portraits-analog","category-portraits-2022","tag-40","tag-6x6","tag-analog","tag-baeume","tag-buesche","tag-elbe","tag-film","tag-griechisch","tag-hasselblad","tag-mittelformat","tag-mythologie","tag-natur","tag-peplos","tag-portrait","tag-portraet","tag-rollfilm","tag-ruhe","tag-sw","tag-ufer","tag-wasser","tag-weis"],"share_on_mastodon":{"url":"","error":""},"jetpack_publicize_connections":[],"jetpack_featured_media_url":"","jetpack_sharing_enabled":true,"jetpack_shortlink":"https:\/\/wp.me\/p7113x-1ss","jetpack_likes_enabled":true,"publishpress_future_action":{"enabled":false,"date":"2026-05-09 10:39:38","action":"change-status","newStatus":"draft","terms":[],"taxonomy":"category","extraData":[]},"publishpress_future_workflow_manual_trigger":{"enabledWorkflows":[]},"_links":{"self":[{"href":"https:\/\/janmeifert.de\/blog\/index.php?rest_route=\/wp\/v2\/posts\/5608","targetHints":{"allow":["GET"]}}],"collection":[{"href":"https:\/\/janmeifert.de\/blog\/index.php?rest_route=\/wp\/v2\/posts"}],"about":[{"href":"https:\/\/janmeifert.de\/blog\/index.php?rest_route=\/wp\/v2\/types\/post"}],"author":[{"embeddable":true,"href":"https:\/\/janmeifert.de\/blog\/index.php?rest_route=\/wp\/v2\/users\/1"}],"replies":[{"embeddable":true,"href":"https:\/\/janmeifert.de\/blog\/index.php?rest_route=%2Fwp%2Fv2%2Fcomments&post=5608"}],"version-history":[{"count":5,"href":"https:\/\/janmeifert.de\/blog\/index.php?rest_route=\/wp\/v2\/posts\/5608\/revisions"}],"predecessor-version":[{"id":5629,"href":"https:\/\/janmeifert.de\/blog\/index.php?rest_route=\/wp\/v2\/posts\/5608\/revisions\/5629"}],"wp:attachment":[{"href":"https:\/\/janmeifert.de\/blog\/index.php?rest_route=%2Fwp%2Fv2%2Fmedia&parent=5608"}],"wp:term":[{"taxonomy":"category","embeddable":true,"href":"https:\/\/janmeifert.de\/blog\/index.php?rest_route=%2Fwp%2Fv2%2Fcategories&post=5608"},{"taxonomy":"post_tag","embeddable":true,"href":"https:\/\/janmeifert.de\/blog\/index.php?rest_route=%2Fwp%2Fv2%2Ftags&post=5608"}],"curies":[{"name":"wp","href":"https:\/\/api.w.org\/{rel}","templated":true}]}}