{"id":5189,"date":"2022-03-17T17:00:43","date_gmt":"2022-03-17T16:00:43","guid":{"rendered":"https:\/\/janmeifert.de\/blog\/?p=5189"},"modified":"2022-03-14T19:46:21","modified_gmt":"2022-03-14T18:46:21","slug":"anna-session-ii-pt-3-3-vier-bilder","status":"publish","type":"post","link":"https:\/\/janmeifert.de\/blog\/?p=5189","title":{"rendered":"Anna (Session II, pt. 3\/3, vier Bilder)"},"content":{"rendered":"<p><a data-flickr-embed=\"true\" href=\"https:\/\/www.flickr.com\/photos\/meifert\/14080285744\/in\/album-72157641466567563\/\" title=\"Anna\"><img data-recalc-dims=\"1\" loading=\"lazy\" decoding=\"async\" src=\"https:\/\/i0.wp.com\/live.staticflickr.com\/2912\/14080285744_74fc9865b4_z.jpg?resize=640%2C427&#038;ssl=1\" width=\"640\" height=\"427\" alt=\"Anna\"><\/a><script async src=\"\/\/embedr.flickr.com\/assets\/client-code.js\" charset=\"utf-8\"><\/script><\/p>\n<p><a data-flickr-embed=\"true\" href=\"https:\/\/www.flickr.com\/photos\/meifert\/51890480731\/in\/album-72157641466567563\/\" title=\"Anna\"><img data-recalc-dims=\"1\" loading=\"lazy\" decoding=\"async\" src=\"https:\/\/i0.wp.com\/live.staticflickr.com\/65535\/51890480731_ba02ce9a29_z.jpg?resize=640%2C427&#038;ssl=1\" width=\"640\" height=\"427\" alt=\"Anna\"><\/a><script async src=\"\/\/embedr.flickr.com\/assets\/client-code.js\" charset=\"utf-8\"><\/script><\/p>\n<p><a data-flickr-embed=\"true\" href=\"https:\/\/www.flickr.com\/photos\/meifert\/51892441853\/in\/album-72157641466567563\/\" title=\"Anna\"><img data-recalc-dims=\"1\" loading=\"lazy\" decoding=\"async\" src=\"https:\/\/i0.wp.com\/live.staticflickr.com\/65535\/51892441853_5878fa30d6_z.jpg?resize=640%2C427&#038;ssl=1\" width=\"640\" height=\"427\" alt=\"Anna\"><\/a><script async src=\"\/\/embedr.flickr.com\/assets\/client-code.js\" charset=\"utf-8\"><\/script><\/p>\n<p><a data-flickr-embed=\"true\" href=\"https:\/\/www.flickr.com\/photos\/meifert\/14061178764\/in\/album-72157641466567563\/\" title=\"Anna and the moon\"><img data-recalc-dims=\"1\" loading=\"lazy\" decoding=\"async\" src=\"https:\/\/i0.wp.com\/live.staticflickr.com\/7219\/14061178764_5799c1a996_z.jpg?resize=640%2C427&#038;ssl=1\" width=\"640\" height=\"427\" alt=\"Anna and the moon\"><\/a><script async src=\"\/\/embedr.flickr.com\/assets\/client-code.js\" charset=\"utf-8\"><\/script><\/p>\n<p>Auch f\u00fcr Nichtraucher sehenswerte Filmtipps: <a href=\"https:\/\/www.kino.de\/film\/smoke-1995\/\" rel=\"noopener\" target=\"_blank\">&#8220;Smoke&#8221;<\/a> und <a href=\"https:\/\/www.kino.de\/film\/blue-in-the-face-1995\/\" rel=\"noopener\" target=\"_blank\">&#8220;Blue in the Face&#8221;<\/a> von <a href=\"https:\/\/de.wikipedia.org\/wiki\/Wayne_Wang\" rel=\"noopener\" target=\"_blank\">Wayne Wang<\/a> und mit Oscar-Preistr\u00e4ger <a href=\"https:\/\/de.wikipedia.org\/wiki\/William_Hurt\" rel=\"noopener\" target=\"_blank\">William Hurt<\/a>, der am 14. M\u00e4rz 2022 verstarb.<\/p>\n<p>Kamera: Canon T70<br \/>\nFilm: Kodak CN 400 BW<br \/>\nLocation: Nordoer Binnend\u00fcnen<br \/>\nM\u00e4rz 2014<\/p>\n","protected":false},"excerpt":{"rendered":"<p>Auch f\u00fcr Nichtraucher sehenswerte Filmtipps: &#8220;Smoke&#8221; und &#8220;Blue in the Face&#8221; von Wayne Wang und mit Oscar-Preistr\u00e4ger William Hurt, der am 14. M\u00e4rz 2022 verstarb. Kamera: Canon T70 Film: Kodak CN 400 BW Location: Nordoer Binnend\u00fcnen M\u00e4rz 2014<\/p>\n","protected":false},"author":1,"featured_media":0,"comment_status":"open","ping_status":"closed","sticky":false,"template":"","format":"standard","meta":{"_monsterinsights_skip_tracking":false,"_monsterinsights_sitenote_active":false,"_monsterinsights_sitenote_note":"","_monsterinsights_sitenote_category":0,"_uf_show_specific_survey":0,"_uf_disable_surveys":false,"jetpack_post_was_ever_published":false,"_jetpack_newsletter_access":"","_jetpack_dont_email_post_to_subs":false,"_jetpack_newsletter_tier_id":0,"_jetpack_memberships_contains_paywalled_content":false,"_jetpack_memberships_contains_paid_content":false,"footnotes":"","jetpack_publicize_message":"Anna (Session II, pt. 3\/3, vier Bilder)","jetpack_publicize_feature_enabled":true,"jetpack_social_post_already_shared":true,"jetpack_social_options":{"image_generator_settings":{"template":"highway","default_image_id":0,"font":"","enabled":false},"version":2}},"categories":[6,1590],"tags":[49,94,316,416,890,947,1987,996,2491,1061,1066,2492,1219,1393,1446],"class_list":["post-5189","post","type-post","status-publish","format-standard","hentry","category-portraits-analog","category-portraits-2014","tag-35mm","tag-analog","tag-duene","tag-film","tag-naehe","tag-outdoor","tag-pause","tag-portraet","tag-rauchen","tag-ruhe","tag-sw","tag-schmoeken","tag-stille","tag-weite","tag-zigarette"],"share_on_mastodon":{"url":"","error":""},"jetpack_publicize_connections":[],"jetpack_featured_media_url":"","jetpack_sharing_enabled":true,"jetpack_shortlink":"https:\/\/wp.me\/p7113x-1lH","jetpack_likes_enabled":true,"publishpress_future_action":{"enabled":false,"date":"2026-05-05 11:47:52","action":"change-status","newStatus":"draft","terms":[],"taxonomy":"category","extraData":[]},"publishpress_future_workflow_manual_trigger":{"enabledWorkflows":[]},"_links":{"self":[{"href":"https:\/\/janmeifert.de\/blog\/index.php?rest_route=\/wp\/v2\/posts\/5189","targetHints":{"allow":["GET"]}}],"collection":[{"href":"https:\/\/janmeifert.de\/blog\/index.php?rest_route=\/wp\/v2\/posts"}],"about":[{"href":"https:\/\/janmeifert.de\/blog\/index.php?rest_route=\/wp\/v2\/types\/post"}],"author":[{"embeddable":true,"href":"https:\/\/janmeifert.de\/blog\/index.php?rest_route=\/wp\/v2\/users\/1"}],"replies":[{"embeddable":true,"href":"https:\/\/janmeifert.de\/blog\/index.php?rest_route=%2Fwp%2Fv2%2Fcomments&post=5189"}],"version-history":[{"count":4,"href":"https:\/\/janmeifert.de\/blog\/index.php?rest_route=\/wp\/v2\/posts\/5189\/revisions"}],"predecessor-version":[{"id":5199,"href":"https:\/\/janmeifert.de\/blog\/index.php?rest_route=\/wp\/v2\/posts\/5189\/revisions\/5199"}],"wp:attachment":[{"href":"https:\/\/janmeifert.de\/blog\/index.php?rest_route=%2Fwp%2Fv2%2Fmedia&parent=5189"}],"wp:term":[{"taxonomy":"category","embeddable":true,"href":"https:\/\/janmeifert.de\/blog\/index.php?rest_route=%2Fwp%2Fv2%2Fcategories&post=5189"},{"taxonomy":"post_tag","embeddable":true,"href":"https:\/\/janmeifert.de\/blog\/index.php?rest_route=%2Fwp%2Fv2%2Ftags&post=5189"}],"curies":[{"name":"wp","href":"https:\/\/api.w.org\/{rel}","templated":true}]}}