{"id":5170,"date":"2022-03-04T17:00:30","date_gmt":"2022-03-04T16:00:30","guid":{"rendered":"https:\/\/janmeifert.de\/blog\/?p=5170"},"modified":"2022-03-01T08:46:50","modified_gmt":"2022-03-01T07:46:50","slug":"die-erinnerung-verblasst-einst-laut-nun-still-teil-iii-2021-drei-bilder","status":"publish","type":"post","link":"https:\/\/janmeifert.de\/blog\/?p=5170","title":{"rendered":"Einst laut, nun still (2021, drei Bilder)"},"content":{"rendered":"<p><a data-flickr-embed=\"true\" href=\"https:\/\/www.flickr.com\/photos\/meifert\/51883739145\/in\/dateposted\/\" title=\"Memories are fading...\"><img data-recalc-dims=\"1\" loading=\"lazy\" decoding=\"async\" src=\"https:\/\/i0.wp.com\/live.staticflickr.com\/65535\/51883739145_3b99f174ae_z.jpg?resize=640%2C429&#038;ssl=1\" width=\"640\" height=\"429\" alt=\"Memories are fading...\"><\/a><script async src=\"\/\/embedr.flickr.com\/assets\/client-code.js\" charset=\"utf-8\"><\/script><br \/>\nParty Zone Rade<\/p>\n<p><a data-flickr-embed=\"true\" href=\"https:\/\/www.flickr.com\/photos\/meifert\/51885459765\/in\/dateposted\/\" title=\"Memories are fading...\"><img data-recalc-dims=\"1\" loading=\"lazy\" decoding=\"async\" src=\"https:\/\/i0.wp.com\/live.staticflickr.com\/65535\/51885459765_65df4ef2ab_z.jpg?resize=640%2C429&#038;ssl=1\" width=\"640\" height=\"429\" alt=\"Memories are fading...\"><\/a><script async src=\"\/\/embedr.flickr.com\/assets\/client-code.js\" charset=\"utf-8\"><\/script><br \/>\nFischerh\u00fctte Fitzbek<\/p>\n<p><a data-flickr-embed=\"true\" href=\"https:\/\/www.flickr.com\/photos\/meifert\/51887061269\/in\/dateposted\/\" title=\"Memories are fading...\"><img data-recalc-dims=\"1\" loading=\"lazy\" decoding=\"async\" src=\"https:\/\/i0.wp.com\/live.staticflickr.com\/65535\/51887061269_d4bc50138c_z.jpg?resize=640%2C429&#038;ssl=1\" width=\"640\" height=\"429\" alt=\"Memories are fading...\"><\/a><script async src=\"\/\/embedr.flickr.com\/assets\/client-code.js\" charset=\"utf-8\"><\/script><br \/>\nHard Rock H\u00fctte Quarnstedt<\/p>\n<p>Wie wurde noch ein Spieler des VfL Kellinghusen in der wohl <a href=\"https:\/\/issuu.com\/eichenallee\/docs\/201920-07\" rel=\"noopener\" target=\"_blank\">letzten Ausgabe der Aktuellen Eichenallee<\/a> auf Seite 74 vorgestellt? &#8220;<em>Sven Gr\u00fcmmert muss einfach mit rein. (&#8230;) dass er mir bei meinem ersten Besuch das Klo in der Quarnstedter Partyh\u00fctte zeigte &#8211; &#8216;Ach, geh&#8217; mal lieber aufs Feld!'&#8221;<\/em><\/p>\n<p>Mitte der Neunzigerjahre gab es eine lebendige alternative Feierszene auf dem platten Land, meistens in einfachen H\u00fctten und Schuppen. Exemplarisch zeige ich hier die von mir am h\u00e4ufigsten frequentierten Orte, es gab aber nat\u00fcrlich noch weitere. Noch immer flimmern die Geschichten der damaligen Zeit in den K\u00f6pfen der damals Anwesenden und zugleich ist dort aber auch die Erkenntnis, dass diese Kultur zu Beginn des neuen Jahrtausends verschwand. Nat\u00fcrlich wird bis heute vieles idealisiert, wor\u00fcber Nicht-Beteiligte den Kopf sch\u00fctteln oder gar die H\u00e4nde \u00fcber dem Kopf zusammenschlagen. Es war jedoch nun mal so, wie es halt war: alkoholschwanger, lustig, derbe und herzlich. Gefeiert wird immer noch, auch mit den Leuten von damals, mittlerweile aber durchaus geschmeidiger &#8211; meistens jedenfalls.<\/p>\n<p>Heutzutage werden diese einstigen Feierst\u00e4tten pragmatisch genutzt und\/oder verfallen zusehends. Diese kleine Serie ist der dritte Teil der Reihe &#8220;Einst laut, jetzt still&#8221;, die bereits <a href=\"https:\/\/janmeifert.de\/blog\/?p=1253\">2005<\/a> und <a href=\"https:\/\/janmeifert.de\/blog\/?p=1264\">2015<\/a> von mir umgesetzt wurden, nun mittlerweile 25 Jahre nach den ersten Anarchoparties auf einem Feld bei Rade. Strom spendete dort \u00fcbrigens ein Generator, der laufend neu betankt werden musste, was wiederum nie jemand auf der Pfanne hatte und es dementsprechend zu n\u00e4chtlicher Stunde regelm\u00e4\u00dfig zwei bis drei Minuten zappenduster in der Location war.<\/p>\n<p>Diese Serie zeigt auch das ewige Dilemma der Nostalgie: Wenn man in der Gegend, in der man aufwuchs, blieb, kommen einem beinahe t\u00e4glich Ecken in die Quere, die man mit Kindheit und Jugend verbindet. Andererseits: Vielleicht w\u00e4ren viele dieser Erinnerungen nicht nur verblasst, sondern auch l\u00e4ngst v\u00f6llig vergessen.<\/p>\n<p>Kamera: Canon EOS 500N<br \/>\nFilm: Kodak Farbwelt 400 (expired 07\/2008, pulled ISO 160)<br \/>\nLocation: Rade, Fitzbek, Quarnstedt<br \/>\nDezember 2021<\/p>\n","protected":false},"excerpt":{"rendered":"<p>Party Zone Rade Fischerh\u00fctte Fitzbek Hard Rock H\u00fctte Quarnstedt Wie wurde noch ein Spieler des VfL Kellinghusen in der wohl letzten Ausgabe der Aktuellen Eichenallee auf Seite 74 vorgestellt? &#8220;Sven Gr\u00fcmmert muss einfach mit rein. (&#8230;) dass er mir bei meinem ersten Besuch das Klo in der Quarnstedter Partyh\u00fctte zeigte &#8211; &#8216;Ach, geh&#8217; mal lieber [&hellip;]<\/p>\n","protected":false},"author":1,"featured_media":0,"comment_status":"open","ping_status":"closed","sticky":false,"template":"","format":"standard","meta":{"_monsterinsights_skip_tracking":false,"_monsterinsights_sitenote_active":false,"_monsterinsights_sitenote_note":"","_monsterinsights_sitenote_category":0,"_uf_show_specific_survey":0,"_uf_disable_surveys":false,"jetpack_post_was_ever_published":false,"_jetpack_newsletter_access":"","_jetpack_dont_email_post_to_subs":false,"_jetpack_newsletter_tier_id":0,"_jetpack_memberships_contains_paywalled_content":false,"_jetpack_memberships_contains_paid_content":false,"footnotes":"","jetpack_publicize_message":"","jetpack_publicize_feature_enabled":true,"jetpack_social_post_already_shared":true,"jetpack_social_options":{"image_generator_settings":{"template":"highway","default_image_id":0,"font":"","enabled":false},"version":2}},"categories":[22,28,35],"tags":[49,2487,2488,94,2501,2500,1806,304,349,2489,402,416,421,424,2481,1553,2499,678,2486,753,754,826,2485,2484,2482,2490,1012,1015,1018,1078,1099,1554,1214,1226,1410],"class_list":["post-5170","post","type-post","status-publish","format-standard","hentry","category-deutschland","category-kellinghusen-wrist","category-schleswig-holstein-hamburg","tag-35mm","tag-alkohol","tag-alkoholmissbrauch","tag-analog","tag-bcr","tag-bully-club-rade","tag-d-i-y","tag-doppelbelichtung","tag-erinnerung","tag-erinnerungskultur","tag-feiern","tag-film","tag-fischerhuette","tag-fitzbek","tag-hard-rock-huette","tag-huette","tag-jan-schippmann","tag-kellinghusen","tag-kotzen","tag-landschaft","tag-landwirtschaft","tag-mehrfachbelichtung","tag-neunziger","tag-party","tag-party-zone","tag-punk-zone","tag-pzr","tag-quarnstedt","tag-rade","tag-saufen","tag-schleswig-holstein","tag-schuppen","tag-steinburg","tag-stoer","tag-wiese"],"share_on_mastodon":{"url":"","error":""},"jetpack_publicize_connections":[],"jetpack_featured_media_url":"","jetpack_sharing_enabled":true,"jetpack_shortlink":"https:\/\/wp.me\/p7113x-1lo","jetpack_likes_enabled":true,"publishpress_future_action":{"enabled":false,"date":"2026-05-08 07:15:41","action":"change-status","newStatus":"draft","terms":[],"taxonomy":"category","extraData":[]},"publishpress_future_workflow_manual_trigger":{"enabledWorkflows":[]},"_links":{"self":[{"href":"https:\/\/janmeifert.de\/blog\/index.php?rest_route=\/wp\/v2\/posts\/5170","targetHints":{"allow":["GET"]}}],"collection":[{"href":"https:\/\/janmeifert.de\/blog\/index.php?rest_route=\/wp\/v2\/posts"}],"about":[{"href":"https:\/\/janmeifert.de\/blog\/index.php?rest_route=\/wp\/v2\/types\/post"}],"author":[{"embeddable":true,"href":"https:\/\/janmeifert.de\/blog\/index.php?rest_route=\/wp\/v2\/users\/1"}],"replies":[{"embeddable":true,"href":"https:\/\/janmeifert.de\/blog\/index.php?rest_route=%2Fwp%2Fv2%2Fcomments&post=5170"}],"version-history":[{"count":8,"href":"https:\/\/janmeifert.de\/blog\/index.php?rest_route=\/wp\/v2\/posts\/5170\/revisions"}],"predecessor-version":[{"id":5201,"href":"https:\/\/janmeifert.de\/blog\/index.php?rest_route=\/wp\/v2\/posts\/5170\/revisions\/5201"}],"wp:attachment":[{"href":"https:\/\/janmeifert.de\/blog\/index.php?rest_route=%2Fwp%2Fv2%2Fmedia&parent=5170"}],"wp:term":[{"taxonomy":"category","embeddable":true,"href":"https:\/\/janmeifert.de\/blog\/index.php?rest_route=%2Fwp%2Fv2%2Fcategories&post=5170"},{"taxonomy":"post_tag","embeddable":true,"href":"https:\/\/janmeifert.de\/blog\/index.php?rest_route=%2Fwp%2Fv2%2Ftags&post=5170"}],"curies":[{"name":"wp","href":"https:\/\/api.w.org\/{rel}","templated":true}]}}