{"id":5067,"date":"2022-01-19T18:00:51","date_gmt":"2022-01-19T17:00:51","guid":{"rendered":"https:\/\/janmeifert.de\/blog\/?p=5067"},"modified":"2021-12-05T09:00:43","modified_gmt":"2021-12-05T08:00:43","slug":"herbst-am-see-drei-bilder","status":"publish","type":"post","link":"https:\/\/janmeifert.de\/blog\/?p=5067","title":{"rendered":"Herbst am See (drei Bilder)"},"content":{"rendered":"<p><a data-flickr-embed=\"true\" href=\"https:\/\/www.flickr.com\/photos\/meifert\/51726071024\/in\/dateposted\/\" title=\"Wittensee\"><img data-recalc-dims=\"1\" loading=\"lazy\" decoding=\"async\" src=\"https:\/\/i0.wp.com\/live.staticflickr.com\/65535\/51726071024_20b7a084c2_z.jpg?resize=640%2C480&#038;ssl=1\" width=\"640\" height=\"480\" alt=\"Wittensee\"><\/a><script async src=\"\/\/embedr.flickr.com\/assets\/client-code.js\" charset=\"utf-8\"><\/script><\/p>\n<p><a data-flickr-embed=\"true\" href=\"https:\/\/www.flickr.com\/photos\/meifert\/51722439952\/in\/dateposted\/\" title=\"Wittensee\"><img data-recalc-dims=\"1\" loading=\"lazy\" decoding=\"async\" src=\"https:\/\/i0.wp.com\/live.staticflickr.com\/65535\/51722439952_1be98c6088_z.jpg?resize=640%2C480&#038;ssl=1\" width=\"640\" height=\"480\" alt=\"Wittensee\"><\/a><script async src=\"\/\/embedr.flickr.com\/assets\/client-code.js\" charset=\"utf-8\"><\/script><\/p>\n<p><a data-flickr-embed=\"true\" href=\"https:\/\/www.flickr.com\/photos\/meifert\/51721266543\/in\/dateposted\/\" title=\"Wittensee\"><img data-recalc-dims=\"1\" loading=\"lazy\" decoding=\"async\" src=\"https:\/\/i0.wp.com\/live.staticflickr.com\/65535\/51721266543_c168b5e217_z.jpg?resize=640%2C480&#038;ssl=1\" width=\"640\" height=\"480\" alt=\"Wittensee\"><\/a><script async src=\"\/\/embedr.flickr.com\/assets\/client-code.js\" charset=\"utf-8\"><\/script><\/p>\n<p>2001 verschlug es mich nach B\u00fcnsdorf am Wittensee, einem recht abgelegenen und sch\u00f6n gelegenen Ort. Grund war der zweite von zwei <a href=\"https:\/\/de.wikipedia.org\/wiki\/Zivildienst_in_Deutschland\" rel=\"noopener\" target=\"_blank\">Zivildienst<\/a>-Lehrg\u00e4ngen. Das gastgebende Erholungs- und Bildungszentrum bewarb unter anderem das Dinghi am See und so ging es regelm\u00e4\u00dfig zu dritt oder zu viert und mit ein paar Drinks los. Weitere Freizeitm\u00f6glichkeiten: Der Bolzplatz im Dorf (der mitkickende Pastor wollte mir nach einem Fallr\u00fcckziehertor (!) schon die Plakette f\u00fcr das &#8220;Tor des Monats&#8221; \u00fcberreichen, hatte diese aber vergessen) und der Tischkicker in einem \u00fcber diese zwei Wochen mit ausgetrunkenen Bierdosen vollgestopften Kellerraum.<\/p>\n<p>Kamera: Canon IXUS 145<br \/>\nLocation: B\u00fcnsdorf<br \/>\nOktober 2021<\/p>\n","protected":false},"excerpt":{"rendered":"<p>2001 verschlug es mich nach B\u00fcnsdorf am Wittensee, einem recht abgelegenen und sch\u00f6n gelegenen Ort. Grund war der zweite von zwei Zivildienst-Lehrg\u00e4ngen. Das gastgebende Erholungs- und Bildungszentrum bewarb unter anderem das Dinghi am See und so ging es regelm\u00e4\u00dfig zu dritt oder zu viert und mit ein paar Drinks los. Weitere Freizeitm\u00f6glichkeiten: Der Bolzplatz im [&hellip;]<\/p>\n","protected":false},"author":1,"featured_media":0,"comment_status":"open","ping_status":"closed","sticky":false,"template":"","format":"standard","meta":{"_monsterinsights_skip_tracking":false,"_monsterinsights_sitenote_active":false,"_monsterinsights_sitenote_note":"","_monsterinsights_sitenote_category":0,"_uf_show_specific_survey":0,"_uf_disable_surveys":false,"jetpack_post_was_ever_published":false,"_jetpack_newsletter_access":"","_jetpack_dont_email_post_to_subs":false,"_jetpack_newsletter_tier_id":0,"_jetpack_memberships_contains_paywalled_content":false,"_jetpack_memberships_contains_paid_content":false,"footnotes":"","jetpack_publicize_message":"","jetpack_publicize_feature_enabled":true,"jetpack_social_post_already_shared":true,"jetpack_social_options":{"image_generator_settings":{"template":"highway","default_image_id":0,"font":"","enabled":false},"version":2}},"categories":[22,35],"tags":[2386,2426,240,289,2429,2428,896,2432,947,2430,2431,1099,1129,1208,1377,2427],"class_list":["post-5067","post","type-post","status-publish","format-standard","hentry","category-deutschland","category-schleswig-holstein-hamburg","tag-boot","tag-buensdorf","tag-canon","tag-deutschland","tag-dinghi","tag-dingi","tag-natur","tag-norddeutschland","tag-outdoor","tag-paddeln","tag-rudern","tag-schleswig-holstein","tag-see","tag-steg","tag-wasser","tag-wittensee"],"share_on_mastodon":{"url":"","error":""},"jetpack_publicize_connections":[],"jetpack_featured_media_url":"","jetpack_sharing_enabled":true,"jetpack_shortlink":"https:\/\/wp.me\/p7113x-1jJ","jetpack_likes_enabled":true,"publishpress_future_action":{"enabled":false,"date":"2026-05-07 02:27:35","action":"change-status","newStatus":"draft","terms":[],"taxonomy":"category","extraData":[]},"publishpress_future_workflow_manual_trigger":{"enabledWorkflows":[]},"_links":{"self":[{"href":"https:\/\/janmeifert.de\/blog\/index.php?rest_route=\/wp\/v2\/posts\/5067","targetHints":{"allow":["GET"]}}],"collection":[{"href":"https:\/\/janmeifert.de\/blog\/index.php?rest_route=\/wp\/v2\/posts"}],"about":[{"href":"https:\/\/janmeifert.de\/blog\/index.php?rest_route=\/wp\/v2\/types\/post"}],"author":[{"embeddable":true,"href":"https:\/\/janmeifert.de\/blog\/index.php?rest_route=\/wp\/v2\/users\/1"}],"replies":[{"embeddable":true,"href":"https:\/\/janmeifert.de\/blog\/index.php?rest_route=%2Fwp%2Fv2%2Fcomments&post=5067"}],"version-history":[{"count":3,"href":"https:\/\/janmeifert.de\/blog\/index.php?rest_route=\/wp\/v2\/posts\/5067\/revisions"}],"predecessor-version":[{"id":5070,"href":"https:\/\/janmeifert.de\/blog\/index.php?rest_route=\/wp\/v2\/posts\/5067\/revisions\/5070"}],"wp:attachment":[{"href":"https:\/\/janmeifert.de\/blog\/index.php?rest_route=%2Fwp%2Fv2%2Fmedia&parent=5067"}],"wp:term":[{"taxonomy":"category","embeddable":true,"href":"https:\/\/janmeifert.de\/blog\/index.php?rest_route=%2Fwp%2Fv2%2Fcategories&post=5067"},{"taxonomy":"post_tag","embeddable":true,"href":"https:\/\/janmeifert.de\/blog\/index.php?rest_route=%2Fwp%2Fv2%2Ftags&post=5067"}],"curies":[{"name":"wp","href":"https:\/\/api.w.org\/{rel}","templated":true}]}}