{"id":5022,"date":"2021-12-17T15:30:28","date_gmt":"2021-12-17T14:30:28","guid":{"rendered":"https:\/\/janmeifert.de\/blog\/?p=5022"},"modified":"2021-11-17T09:57:52","modified_gmt":"2021-11-17T08:57:52","slug":"miriam-session-i-pt-1-5-vier-bilder","status":"publish","type":"post","link":"https:\/\/janmeifert.de\/blog\/?p=5022","title":{"rendered":"Miriam (Session I, pt. 1\/3, vier Bilder)"},"content":{"rendered":"<p><a data-flickr-embed=\"true\" href=\"https:\/\/www.flickr.com\/photos\/meifert\/51675012342\/in\/dateposted\/\" title=\"Miriam\"><img data-recalc-dims=\"1\" loading=\"lazy\" decoding=\"async\" src=\"https:\/\/i0.wp.com\/live.staticflickr.com\/65535\/51675012342_efea1a60bf_z.jpg?resize=640%2C483&#038;ssl=1\" width=\"640\" height=\"483\" alt=\"Miriam\"><\/a><script async src=\"\/\/embedr.flickr.com\/assets\/client-code.js\" charset=\"utf-8\"><\/script><\/p>\n<p><a data-flickr-embed=\"true\" href=\"https:\/\/www.flickr.com\/photos\/meifert\/51674495009\/in\/dateposted\/\" title=\"Miriam\"><img data-recalc-dims=\"1\" loading=\"lazy\" decoding=\"async\" src=\"https:\/\/i0.wp.com\/live.staticflickr.com\/65535\/51674495009_e05db4b2e4_z.jpg?resize=640%2C483&#038;ssl=1\" width=\"640\" height=\"483\" alt=\"Miriam\"><\/a><script async src=\"\/\/embedr.flickr.com\/assets\/client-code.js\" charset=\"utf-8\"><\/script><\/p>\n<p><a data-flickr-embed=\"true\" href=\"https:\/\/www.flickr.com\/photos\/meifert\/51675012297\/in\/dateposted\/\" title=\"Miriam\"><img data-recalc-dims=\"1\" loading=\"lazy\" decoding=\"async\" src=\"https:\/\/i0.wp.com\/live.staticflickr.com\/65535\/51675012297_e4f9ff994b_z.jpg?resize=640%2C483&#038;ssl=1\" width=\"640\" height=\"483\" alt=\"Miriam\"><\/a><script async src=\"\/\/embedr.flickr.com\/assets\/client-code.js\" charset=\"utf-8\"><\/script><\/p>\n<p><a data-flickr-embed=\"true\" href=\"https:\/\/www.flickr.com\/photos\/meifert\/51674696795\/in\/dateposted\/\" title=\"Miriam\"><img data-recalc-dims=\"1\" loading=\"lazy\" decoding=\"async\" src=\"https:\/\/i0.wp.com\/live.staticflickr.com\/65535\/51674696795_a7089785c1_z.jpg?resize=640%2C483&#038;ssl=1\" width=\"640\" height=\"483\" alt=\"Miriam\"><\/a><script async src=\"\/\/embedr.flickr.com\/assets\/client-code.js\" charset=\"utf-8\"><\/script><\/p>\n<p>Erste Sitzung mit Miriam, aus der zun\u00e4chst drei Reihen gezeigt werden, und Premiere in der Kochschen Kuhle, die ich im Sommer 2020 erstmals besucht habe. Der Name des ehemaligen Kies- und Sandabbaugebiets geht auf ihren Betreiber Willi Koch zur\u00fcck. Nachdem die Kuhle ausgelaugt war, wurde sie zeitweise auch als M\u00fcllkippe genutzt. Mittlerweile dient diese Ecke als Nacherholungsgebiet am s\u00fcd\u00f6stlichen Stadtrand Itzehoes.<\/p>\n<p>Kamera: Hasselblad 500C<br \/>\nFilm: Rollei Superpan 200<br \/>\nLocation: Kochsche Kuhle, Itzehoe<br \/>\nOktober 2021<\/p>\n","protected":false},"excerpt":{"rendered":"<p>Erste Sitzung mit Miriam, aus der zun\u00e4chst drei Reihen gezeigt werden, und Premiere in der Kochschen Kuhle, die ich im Sommer 2020 erstmals besucht habe. Der Name des ehemaligen Kies- und Sandabbaugebiets geht auf ihren Betreiber Willi Koch zur\u00fcck. Nachdem die Kuhle ausgelaugt war, wurde sie zeitweise auch als M\u00fcllkippe genutzt. Mittlerweile dient diese Ecke [&hellip;]<\/p>\n","protected":false},"author":1,"featured_media":0,"comment_status":"open","ping_status":"closed","sticky":false,"template":"","format":"standard","meta":{"_monsterinsights_skip_tracking":false,"_monsterinsights_sitenote_active":false,"_monsterinsights_sitenote_note":"","_monsterinsights_sitenote_category":0,"_uf_show_specific_survey":0,"_uf_disable_surveys":false,"jetpack_post_was_ever_published":false,"_jetpack_newsletter_access":"","_jetpack_dont_email_post_to_subs":false,"_jetpack_newsletter_tier_id":0,"_jetpack_memberships_contains_paywalled_content":false,"_jetpack_memberships_contains_paid_content":false,"footnotes":"","jetpack_publicize_message":"","jetpack_publicize_feature_enabled":true,"jetpack_social_post_already_shared":true,"jetpack_social_options":{"image_generator_settings":{"template":"highway","default_image_id":0,"font":"","enabled":false},"version":2}},"categories":[6,2245],"tags":[40,53,94,316,416,552,572,635,2410,2112,840,896,947,996,2412,1051,1061,1066,1129,1219,1220,1228,2413,2113,2411,2414],"class_list":["post-5022","post","type-post","status-publish","format-standard","hentry","category-portraits-analog","category-portraits-2021","tag-40","tag-53","tag-analog","tag-duene","tag-film","tag-hasselblad","tag-herbst","tag-itzehoe","tag-kochsche-kuhle","tag-kratt","tag-mittelformat","tag-natur","tag-outdoor","tag-portraet","tag-rollei","tag-rollfilm","tag-ruhe","tag-sw","tag-see","tag-stille","tag-stillstand","tag-strand","tag-superpan","tag-teich","tag-weiher","tag-windstill"],"share_on_mastodon":{"url":"","error":""},"jetpack_publicize_connections":[],"jetpack_featured_media_url":"","jetpack_sharing_enabled":true,"jetpack_shortlink":"https:\/\/wp.me\/p7113x-1j0","jetpack_likes_enabled":true,"publishpress_future_action":{"enabled":false,"date":"2026-05-05 07:42:18","action":"change-status","newStatus":"draft","terms":[],"taxonomy":"category","extraData":[]},"publishpress_future_workflow_manual_trigger":{"enabledWorkflows":[]},"_links":{"self":[{"href":"https:\/\/janmeifert.de\/blog\/index.php?rest_route=\/wp\/v2\/posts\/5022","targetHints":{"allow":["GET"]}}],"collection":[{"href":"https:\/\/janmeifert.de\/blog\/index.php?rest_route=\/wp\/v2\/posts"}],"about":[{"href":"https:\/\/janmeifert.de\/blog\/index.php?rest_route=\/wp\/v2\/types\/post"}],"author":[{"embeddable":true,"href":"https:\/\/janmeifert.de\/blog\/index.php?rest_route=\/wp\/v2\/users\/1"}],"replies":[{"embeddable":true,"href":"https:\/\/janmeifert.de\/blog\/index.php?rest_route=%2Fwp%2Fv2%2Fcomments&post=5022"}],"version-history":[{"count":6,"href":"https:\/\/janmeifert.de\/blog\/index.php?rest_route=\/wp\/v2\/posts\/5022\/revisions"}],"predecessor-version":[{"id":5033,"href":"https:\/\/janmeifert.de\/blog\/index.php?rest_route=\/wp\/v2\/posts\/5022\/revisions\/5033"}],"wp:attachment":[{"href":"https:\/\/janmeifert.de\/blog\/index.php?rest_route=%2Fwp%2Fv2%2Fmedia&parent=5022"}],"wp:term":[{"taxonomy":"category","embeddable":true,"href":"https:\/\/janmeifert.de\/blog\/index.php?rest_route=%2Fwp%2Fv2%2Fcategories&post=5022"},{"taxonomy":"post_tag","embeddable":true,"href":"https:\/\/janmeifert.de\/blog\/index.php?rest_route=%2Fwp%2Fv2%2Ftags&post=5022"}],"curies":[{"name":"wp","href":"https:\/\/api.w.org\/{rel}","templated":true}]}}