{"id":2484,"date":"2018-05-24T18:51:34","date_gmt":"2018-05-24T16:51:34","guid":{"rendered":"http:\/\/www.janmeifert.de\/blog\/?p=2484"},"modified":"2018-05-24T18:51:34","modified_gmt":"2018-05-24T16:51:34","slug":"stille-und-stillstand-laut-und-mit-bewegten-bildern","status":"publish","type":"post","link":"https:\/\/janmeifert.de\/blog\/?p=2484","title":{"rendered":"Stille und Stillstand &#8211; laut und mit bewegten Bildern"},"content":{"rendered":"<p>\t\t\t\tVom 25. Mai bis 17. Juni 2018 zeige ich im &#8220;<a href=\"https:\/\/www.facebook.com\/Ku1-Raum-f%C3%BCr-aktuelle-Kultur-2407700639455731\/\" rel=\"noopener noreferrer\" target=\"_blank\">Ku1 &#8211; Raum f\u00fcr aktuelle Kultur<\/a>&#8221; einen Einblick in meine teils partizipatorische Arbeit, die sich um die Begriffe &#8220;Stille&#8221; und &#8220;Stillstand&#8221; dreht &#8211; cineastische Photographien, Portraits und die dazugeh\u00f6rigen Interpretationen der Begriffe, Videoelemente und ein circa 35-min\u00fctiger Kurzfilm.<\/p>\n<p>Die Er\u00f6ffnung findet am Freitag, den 25. Mai um 18.30 Uhr statt. Weitere \u00d6ffnungszeiten:<br \/>\n\u2022 sonnabends (26. Mai, 02.\/09.\/26. Juni): 10.00 bis 12.00 Uhr<br \/>\n\u2022 dienstags (29. Mai): 10.00 bis 12.00 Uhr<br \/>\n\u2022 mittwochs (30. Mai, 06.\/13. Juni): 15.00 bis 17.30 Uhr<br \/>\n\u2022 weitere, auch spontane \u00d6ffnungstermine sind auch auf Anfrage m\u00f6glich<\/p>\n<p>Ich freue mich auf Euren Besuch!<br \/>\n(Und vielleicht sogar auf Eure Interpretation der Begriffe &#8220;Stille&#8221; und &#8220;Stillstand&#8221;.)<\/p>\n<p>Adresse: &#8220;Ku1 &#8211; Raum f\u00fcr aktuelle Kultur&#8221;, Hauptstra\u00dfe 52, 25548 Kellinghusen<\/p>\n<p><img data-recalc-dims=\"1\" loading=\"lazy\" decoding=\"async\" src=\"https:\/\/i0.wp.com\/www.janmeifert.de\/blog\/wp-content\/uploads\/2018\/05\/brainstorming_kl.jpg?resize=1500%2C1000\" alt=\"\" width=\"1500\" height=\"1000\" class=\"alignnone size-full wp-image-2485\" srcset=\"https:\/\/i0.wp.com\/janmeifert.de\/blog\/wp-content\/uploads\/2018\/05\/brainstorming_kl.jpg?w=1500&amp;ssl=1 1500w, https:\/\/i0.wp.com\/janmeifert.de\/blog\/wp-content\/uploads\/2018\/05\/brainstorming_kl.jpg?resize=300%2C200&amp;ssl=1 300w, https:\/\/i0.wp.com\/janmeifert.de\/blog\/wp-content\/uploads\/2018\/05\/brainstorming_kl.jpg?resize=768%2C512&amp;ssl=1 768w, https:\/\/i0.wp.com\/janmeifert.de\/blog\/wp-content\/uploads\/2018\/05\/brainstorming_kl.jpg?resize=1024%2C683&amp;ssl=1 1024w\" sizes=\"auto, (max-width: 1000px) 100vw, 1000px\" \/>\t\t<\/p>\n","protected":false},"excerpt":{"rendered":"<p>Vom 25. Mai bis 17. Juni 2018 zeige ich im &#8220;Ku1 &#8211; Raum f\u00fcr aktuelle Kultur&#8221; einen Einblick in meine teils partizipatorische Arbeit, die sich um die Begriffe &#8220;Stille&#8221; und &#8220;Stillstand&#8221; dreht &#8211; cineastische Photographien, Portraits und die dazugeh\u00f6rigen Interpretationen der Begriffe, Videoelemente und ein circa 35-min\u00fctiger Kurzfilm. Die Er\u00f6ffnung findet am Freitag, den 25. [&hellip;]<\/p>\n","protected":false},"author":1,"featured_media":0,"comment_status":"open","ping_status":"closed","sticky":false,"template":"","format":"standard","meta":{"_monsterinsights_skip_tracking":false,"_monsterinsights_sitenote_active":false,"_monsterinsights_sitenote_note":"","_monsterinsights_sitenote_category":0,"_uf_show_specific_survey":0,"_uf_disable_surveys":false,"jetpack_post_was_ever_published":false,"_jetpack_newsletter_access":"","_jetpack_dont_email_post_to_subs":false,"_jetpack_newsletter_tier_id":0,"_jetpack_memberships_contains_paywalled_content":false,"_jetpack_memberships_contains_paid_content":false,"footnotes":"","jetpack_publicize_message":"","jetpack_publicize_feature_enabled":true,"jetpack_social_post_already_shared":true,"jetpack_social_options":{"image_generator_settings":{"template":"highway","default_image_id":0,"font":"","enabled":false},"version":2}},"categories":[32,11],"tags":[118,132,360,678,686,729,734,740,1001,1099,1219,1220],"class_list":["post-2484","post","type-post","status-publish","format-standard","hentry","category-news","category-stille-stillstand","tag-art","tag-ausstellung","tag-exhibition","tag-kellinghusen","tag-kino","tag-ku1","tag-kunst","tag-kurzfilm","tag-projekt","tag-schleswig-holstein","tag-stille","tag-stillstand"],"share_on_mastodon":{"url":"","error":""},"jetpack_publicize_connections":[],"jetpack_featured_media_url":"","jetpack_sharing_enabled":true,"jetpack_shortlink":"https:\/\/wp.me\/p7113x-E4","jetpack_likes_enabled":true,"publishpress_future_action":{"enabled":false,"date":"2026-05-08 22:20:38","action":"change-status","newStatus":"draft","terms":[],"taxonomy":"category","extraData":[]},"publishpress_future_workflow_manual_trigger":{"enabledWorkflows":[]},"_links":{"self":[{"href":"https:\/\/janmeifert.de\/blog\/index.php?rest_route=\/wp\/v2\/posts\/2484","targetHints":{"allow":["GET"]}}],"collection":[{"href":"https:\/\/janmeifert.de\/blog\/index.php?rest_route=\/wp\/v2\/posts"}],"about":[{"href":"https:\/\/janmeifert.de\/blog\/index.php?rest_route=\/wp\/v2\/types\/post"}],"author":[{"embeddable":true,"href":"https:\/\/janmeifert.de\/blog\/index.php?rest_route=\/wp\/v2\/users\/1"}],"replies":[{"embeddable":true,"href":"https:\/\/janmeifert.de\/blog\/index.php?rest_route=%2Fwp%2Fv2%2Fcomments&post=2484"}],"version-history":[{"count":0,"href":"https:\/\/janmeifert.de\/blog\/index.php?rest_route=\/wp\/v2\/posts\/2484\/revisions"}],"wp:attachment":[{"href":"https:\/\/janmeifert.de\/blog\/index.php?rest_route=%2Fwp%2Fv2%2Fmedia&parent=2484"}],"wp:term":[{"taxonomy":"category","embeddable":true,"href":"https:\/\/janmeifert.de\/blog\/index.php?rest_route=%2Fwp%2Fv2%2Fcategories&post=2484"},{"taxonomy":"post_tag","embeddable":true,"href":"https:\/\/janmeifert.de\/blog\/index.php?rest_route=%2Fwp%2Fv2%2Ftags&post=2484"}],"curies":[{"name":"wp","href":"https:\/\/api.w.org\/{rel}","templated":true}]}}