{"id":2382,"date":"2018-03-28T18:00:21","date_gmt":"2018-03-28T16:00:21","guid":{"rendered":"http:\/\/www.janmeifert.de\/blog\/?p=2382"},"modified":"2018-03-28T18:00:21","modified_gmt":"2018-03-28T16:00:21","slug":"am-ende-der-welt-fuenf-bilder","status":"publish","type":"post","link":"https:\/\/janmeifert.de\/blog\/?p=2382","title":{"rendered":"am Ende der Welt (f\u00fcnf Bilder)"},"content":{"rendered":"<p>\t\t\t\t<a data-flickr-embed=\"true\"  href=\"https:\/\/www.flickr.com\/photos\/meifert\/26950262268\/in\/dateposted\/\" title=\"the end of the world\"><img data-recalc-dims=\"1\" loading=\"lazy\" decoding=\"async\" src=\"https:\/\/i0.wp.com\/farm1.staticflickr.com\/808\/26950262268_736973e253_z.jpg?resize=640%2C423&#038;ssl=1\" width=\"640\" height=\"423\" alt=\"the end of the world\"><\/a><\/p>\n<p><a data-flickr-embed=\"true\"  href=\"https:\/\/www.flickr.com\/photos\/meifert\/25966416837\/in\/dateposted\/\" title=\"the end of the world\"><img data-recalc-dims=\"1\" loading=\"lazy\" decoding=\"async\" src=\"https:\/\/i0.wp.com\/farm1.staticflickr.com\/805\/25966416837_cc620b5d80_z.jpg?resize=640%2C421&#038;ssl=1\" width=\"640\" height=\"421\" alt=\"the end of the world\"><\/a><\/p>\n<p><a data-flickr-embed=\"true\"  href=\"https:\/\/www.flickr.com\/photos\/meifert\/39045615710\/in\/dateposted\/\" title=\"the end of the world\"><img data-recalc-dims=\"1\" loading=\"lazy\" decoding=\"async\" src=\"https:\/\/i0.wp.com\/farm1.staticflickr.com\/807\/39045615710_3ae9693865_z.jpg?resize=640%2C424&#038;ssl=1\" width=\"640\" height=\"424\" alt=\"the end of the world\"><\/a><\/p>\n<p><a data-flickr-embed=\"true\"  href=\"https:\/\/www.flickr.com\/photos\/meifert\/40169041684\/in\/dateposted\/\" title=\"the end of the world\"><img data-recalc-dims=\"1\" loading=\"lazy\" decoding=\"async\" src=\"https:\/\/i0.wp.com\/farm1.staticflickr.com\/794\/40169041684_527ab22f7c_z.jpg?resize=640%2C419&#038;ssl=1\" width=\"640\" height=\"419\" alt=\"the end of the world\"><\/a><\/p>\n<p><a data-flickr-embed=\"true\"  href=\"https:\/\/www.flickr.com\/photos\/meifert\/39085804010\/in\/dateposted\/\" title=\"the end of the world\"><img data-recalc-dims=\"1\" loading=\"lazy\" decoding=\"async\" src=\"https:\/\/i0.wp.com\/farm1.staticflickr.com\/795\/39085804010_e85c8ae192_z.jpg?resize=640%2C421&#038;ssl=1\" width=\"640\" height=\"421\" alt=\"the end of the world\"><\/a><\/p>\n<p>Der kleine Hafen Stenshamn und die durch eine Br\u00fccke verbundene Insel Utl\u00e4ngan bilden das \u00e4u\u00dferste Ende des s\u00fcdlichen schwedischen Sch\u00e4rengartens und bei rauem Wetter, wie ich es vorfand, quasi das Ende der Welt. Circa zehn Kilometer s\u00fcdlich befindet sich die vorgelagerte Sch\u00e4re Utklippan, erkennbar am Leuchtturm am Horizont. N\u00f6rdlich von Utl\u00e4ngan erkennt man die nur noch sp\u00e4rlich besiedelte <a href=\"http:\/\/www.spiegel.de\/reise\/fernweh\/suedschweden-der-letzte-fischer-von-ungskaer-a-1082915.html\" rel=\"noopener noreferrer\" target=\"_blank\">Sch\u00e4re Ungsk\u00e4r<\/a>.<\/p>\n<p>Kamera: Canon T70<br \/>\nFilm: Konica Centuria 100 (exp. 09\/2001)<br \/>\nLocation: Stenshamn, Utl\u00e4ngan<br \/>\nAugust 2017\t\t<\/p>\n","protected":false},"excerpt":{"rendered":"<p>Der kleine Hafen Stenshamn und die durch eine Br\u00fccke verbundene Insel Utl\u00e4ngan bilden das \u00e4u\u00dferste Ende des s\u00fcdlichen schwedischen Sch\u00e4rengartens und bei rauem Wetter, wie ich es vorfand, quasi das Ende der Welt. Circa zehn Kilometer s\u00fcdlich befindet sich die vorgelagerte Sch\u00e4re Utklippan, erkennbar am Leuchtturm am Horizont. N\u00f6rdlich von Utl\u00e4ngan erkennt man die nur [&hellip;]<\/p>\n","protected":false},"author":1,"featured_media":0,"comment_status":"open","ping_status":"closed","sticky":false,"template":"","format":"standard","meta":{"_monsterinsights_skip_tracking":false,"_monsterinsights_sitenote_active":false,"_monsterinsights_sitenote_note":"","_monsterinsights_sitenote_category":0,"_uf_show_specific_survey":0,"_uf_disable_surveys":false,"jetpack_post_was_ever_published":false,"_jetpack_newsletter_access":"","_jetpack_dont_email_post_to_subs":false,"_jetpack_newsletter_tier_id":0,"_jetpack_memberships_contains_paywalled_content":false,"_jetpack_memberships_contains_paid_content":false,"footnotes":"","jetpack_publicize_message":"","jetpack_publicize_feature_enabled":true,"jetpack_social_post_already_shared":true,"jetpack_social_options":{"image_generator_settings":{"template":"highway","default_image_id":0,"font":"","enabled":false},"version":2}},"categories":[36],"tags":[49,94,345,416,753,945,1084,1123,1334],"class_list":["post-2382","post","type-post","status-publish","format-standard","hentry","category-schweden","tag-35mm","tag-analog","tag-ende-der-welt","tag-film","tag-landschaft","tag-ostsee","tag-schaeren","tag-schweden","tag-utklippan"],"share_on_mastodon":{"url":"","error":""},"jetpack_publicize_connections":[],"jetpack_featured_media_url":"","jetpack_sharing_enabled":true,"jetpack_shortlink":"https:\/\/wp.me\/p7113x-Cq","jetpack_likes_enabled":true,"publishpress_future_action":{"enabled":false,"date":"2026-05-07 11:05:05","action":"change-status","newStatus":"draft","terms":[],"taxonomy":"category","extraData":[]},"publishpress_future_workflow_manual_trigger":{"enabledWorkflows":[]},"_links":{"self":[{"href":"https:\/\/janmeifert.de\/blog\/index.php?rest_route=\/wp\/v2\/posts\/2382","targetHints":{"allow":["GET"]}}],"collection":[{"href":"https:\/\/janmeifert.de\/blog\/index.php?rest_route=\/wp\/v2\/posts"}],"about":[{"href":"https:\/\/janmeifert.de\/blog\/index.php?rest_route=\/wp\/v2\/types\/post"}],"author":[{"embeddable":true,"href":"https:\/\/janmeifert.de\/blog\/index.php?rest_route=\/wp\/v2\/users\/1"}],"replies":[{"embeddable":true,"href":"https:\/\/janmeifert.de\/blog\/index.php?rest_route=%2Fwp%2Fv2%2Fcomments&post=2382"}],"version-history":[{"count":0,"href":"https:\/\/janmeifert.de\/blog\/index.php?rest_route=\/wp\/v2\/posts\/2382\/revisions"}],"wp:attachment":[{"href":"https:\/\/janmeifert.de\/blog\/index.php?rest_route=%2Fwp%2Fv2%2Fmedia&parent=2382"}],"wp:term":[{"taxonomy":"category","embeddable":true,"href":"https:\/\/janmeifert.de\/blog\/index.php?rest_route=%2Fwp%2Fv2%2Fcategories&post=2382"},{"taxonomy":"post_tag","embeddable":true,"href":"https:\/\/janmeifert.de\/blog\/index.php?rest_route=%2Fwp%2Fv2%2Ftags&post=2382"}],"curies":[{"name":"wp","href":"https:\/\/api.w.org\/{rel}","templated":true}]}}