{"id":1351,"date":"2017-05-18T19:47:14","date_gmt":"2017-05-18T17:47:14","guid":{"rendered":"http:\/\/www.janmeifert.de\/?p=1351"},"modified":"2017-05-18T19:47:14","modified_gmt":"2017-05-18T17:47:14","slug":"uff","status":"publish","type":"post","link":"https:\/\/janmeifert.de\/blog\/?p=1351","title":{"rendered":"Uff!"},"content":{"rendered":"<p>\t\t\t\tSeit Juli 2015 habe ich viele Menschen im Alter von 18 bis 39 Jahren im Rahmen eines Photo- und Kunstprojekts gefragt, was Stille und Stillstand f\u00fcr sie w\u00e4ren. Es gab sowohl kurze als auch ausf\u00fchrliche Antworten, manches kam entschlossen daher, manche(r) gr\u00fcbelte so vor sich hin. Falsche Antworten gab es jedoch keine einzige &#8211; wie auch, Empfindungen sind schlie\u00dflich individuell unterschiedlich.<\/p>\n<p><a title=\"Anne\" href=\"https:\/\/www.flickr.com\/photos\/meifert\/8277481890\/in\/album-72157625656651769\/\" data-flickr-embed=\"true\"><img data-recalc-dims=\"1\" loading=\"lazy\" decoding=\"async\" class=\"aligncenter\" src=\"https:\/\/i0.wp.com\/farm9.staticflickr.com\/8348\/8277481890_622bcce994_z.jpg?resize=640%2C429&#038;ssl=1\" alt=\"Anne\" width=\"640\" height=\"429\" \/><\/a><\/p>\n<p style=\"text-align: center;\"><img data-recalc-dims=\"1\" loading=\"lazy\" decoding=\"async\" class=\"aligncenter wp-image-1361\" src=\"https:\/\/i0.wp.com\/www.janmeifert.de\/blog\/wp-content\/uploads\/2017\/06\/2017203-10-300x227.jpg?resize=640%2C484\" alt=\"\" width=\"640\" height=\"484\" \/><em>Anne (2010 und 2017)<\/em><\/p>\n<p>Eigentliche Schlusspunkte sollten im Dezember 2015 und im August 2016 gesetzt werden, jedoch wurde ich angehalten, weiter zu sammeln und manche Termine zogen sich hin. Nun, im Mai 2017, ist dann tats\u00e4chlich Schluss &#8211; die letzten Stimmen werden im Laufe der n\u00e4chsten Tage eingesammelt.<\/p>\n<p>Dieses Projekt ist immer noch spannend und ich habe viele Antworten bekommen, auf die ich selbst nicht gekommen w\u00e4re oder die einfach dazu einluden, selbst zu reflektieren und das Thema auch au\u00dferhalb dieser Befragungen mit Leben und Inhalt zu f\u00fcllen. Dies kostete viel Energie, lie\u00df mich abseits der \u00fcblichen Verpflichtungen und T\u00e4tigkeiten viel nachdenken &#8211; und ein Paradoxon konterkariert den Begriff &#8220;Stille&#8221; ausgerechnet zum Schluss.<\/p>\n<p>Ich danke allen Beteiligten f\u00fcr ihr Mitwirken an diesem Studienprojekt, ihre Zeit und Mu\u00dfe und ganz besonders <a href=\"https:\/\/www.flickr.com\/photos\/meifert\/albums\/72157645087205295\" target=\"_blank\" rel=\"noopener noreferrer\">Sonja<\/a> f\u00fcr die \u00dcbernahme des Lektorats\u00a0und meinem allerersten regelm\u00e4\u00dfigen Modell <a href=\"https:\/\/www.flickr.com\/photos\/meifert\/sets\/72157625656651769\" target=\"_blank\" rel=\"noopener noreferrer\">Anne<\/a>\u00a0(Foto), ohne die das alles vermutlich nie zustande gekommen w\u00e4re.\t\t<\/p>\n","protected":false},"excerpt":{"rendered":"<p>Seit Juli 2015 habe ich viele Menschen im Alter von 18 bis 39 Jahren im Rahmen eines Photo- und Kunstprojekts gefragt, was Stille und Stillstand f\u00fcr sie w\u00e4ren. Es gab sowohl kurze als auch ausf\u00fchrliche Antworten, manches kam entschlossen daher, manche(r) gr\u00fcbelte so vor sich hin. Falsche Antworten gab es jedoch keine einzige &#8211; wie [&hellip;]<\/p>\n","protected":false},"author":1,"featured_media":0,"comment_status":"closed","ping_status":"closed","sticky":false,"template":"","format":"standard","meta":{"_monsterinsights_skip_tracking":false,"_monsterinsights_sitenote_active":false,"_monsterinsights_sitenote_note":"","_monsterinsights_sitenote_category":0,"_uf_show_specific_survey":0,"_uf_disable_surveys":false,"jetpack_post_was_ever_published":false,"_jetpack_newsletter_access":"","_jetpack_dont_email_post_to_subs":false,"_jetpack_newsletter_tier_id":0,"_jetpack_memberships_contains_paywalled_content":false,"_jetpack_memberships_contains_paid_content":false,"footnotes":"","jetpack_publicize_message":"Uff!","jetpack_publicize_feature_enabled":true,"jetpack_social_post_already_shared":true,"jetpack_social_options":{"image_generator_settings":{"template":"highway","default_image_id":0,"font":"","enabled":false},"version":2}},"categories":[32,11],"tags":[1061,1219,1220,1276,1366],"class_list":["post-1351","post","type-post","status-publish","format-standard","hentry","category-news","category-stille-stillstand","tag-ruhe","tag-stille","tag-stillstand","tag-tinnitus","tag-wahnsinn"],"share_on_mastodon":{"url":"","error":""},"jetpack_publicize_connections":[],"jetpack_featured_media_url":"","jetpack_sharing_enabled":true,"jetpack_shortlink":"https:\/\/wp.me\/s7113x-uff","jetpack_likes_enabled":true,"publishpress_future_action":{"enabled":false,"date":"2026-05-05 12:52:45","action":"change-status","newStatus":"draft","terms":[],"taxonomy":"category","extraData":[]},"publishpress_future_workflow_manual_trigger":{"enabledWorkflows":[]},"_links":{"self":[{"href":"https:\/\/janmeifert.de\/blog\/index.php?rest_route=\/wp\/v2\/posts\/1351","targetHints":{"allow":["GET"]}}],"collection":[{"href":"https:\/\/janmeifert.de\/blog\/index.php?rest_route=\/wp\/v2\/posts"}],"about":[{"href":"https:\/\/janmeifert.de\/blog\/index.php?rest_route=\/wp\/v2\/types\/post"}],"author":[{"embeddable":true,"href":"https:\/\/janmeifert.de\/blog\/index.php?rest_route=\/wp\/v2\/users\/1"}],"replies":[{"embeddable":true,"href":"https:\/\/janmeifert.de\/blog\/index.php?rest_route=%2Fwp%2Fv2%2Fcomments&post=1351"}],"version-history":[{"count":0,"href":"https:\/\/janmeifert.de\/blog\/index.php?rest_route=\/wp\/v2\/posts\/1351\/revisions"}],"wp:attachment":[{"href":"https:\/\/janmeifert.de\/blog\/index.php?rest_route=%2Fwp%2Fv2%2Fmedia&parent=1351"}],"wp:term":[{"taxonomy":"category","embeddable":true,"href":"https:\/\/janmeifert.de\/blog\/index.php?rest_route=%2Fwp%2Fv2%2Fcategories&post=1351"},{"taxonomy":"post_tag","embeddable":true,"href":"https:\/\/janmeifert.de\/blog\/index.php?rest_route=%2Fwp%2Fv2%2Ftags&post=1351"}],"curies":[{"name":"wp","href":"https:\/\/api.w.org\/{rel}","templated":true}]}}