{"id":1303,"date":"2016-04-17T17:00:57","date_gmt":"2016-04-17T15:00:57","guid":{"rendered":"http:\/\/www.janmeifert.de\/blog\/?p=1303"},"modified":"2019-07-08T16:43:13","modified_gmt":"2019-07-08T14:43:13","slug":"dj-crelm-2","status":"publish","type":"post","link":"https:\/\/janmeifert.de\/blog\/?p=1303","title":{"rendered":"DJ crelm"},"content":{"rendered":"<p>\t\t\t\t<a data-flickr-embed=\"true\"  href=\"https:\/\/www.flickr.com\/photos\/meifert\/25882582230\/in\/dateposted-public\/\" title=\"DJ crelm\"><img data-recalc-dims=\"1\" loading=\"lazy\" decoding=\"async\" src=\"https:\/\/i0.wp.com\/farm2.staticflickr.com\/1550\/25882582230_052761c71a_z.jpg?resize=640%2C425&#038;ssl=1\" width=\"640\" height=\"425\" alt=\"DJ crelm\"><\/a><\/p>\n<p><a data-flickr-embed=\"true\"  href=\"https:\/\/www.flickr.com\/photos\/meifert\/26072517572\/in\/dateposted-public\/\" title=\"DJ crelm\"><img data-recalc-dims=\"1\" loading=\"lazy\" decoding=\"async\" src=\"https:\/\/i0.wp.com\/farm2.staticflickr.com\/1637\/26072517572_afed736651_z.jpg?resize=640%2C435&#038;ssl=1\" width=\"640\" height=\"435\" alt=\"DJ crelm\"><\/a><\/p>\n<p><a data-flickr-embed=\"true\"  href=\"https:\/\/www.flickr.com\/photos\/meifert\/26139034416\/in\/dateposted-public\/\" title=\"DJ crelm\"><img data-recalc-dims=\"1\" loading=\"lazy\" decoding=\"async\" src=\"https:\/\/i0.wp.com\/farm2.staticflickr.com\/1663\/26139034416_d332b490f2_z.jpg?resize=640%2C419&#038;ssl=1\" width=\"640\" height=\"419\" alt=\"DJ crelm\"><\/a><\/p>\n<p>Kamera: Canon EOS 500N<br \/>\nFilm: Fujicolor Superia X-Tra 800 (exp. 09\/2011), mit Gr\u00fcnfilter, teilweise doppelt belichtet<br \/>\nLocation: G\u00e4ngeviertel und U-Bahnhof G\u00e4nsemarkt, Hamburg<br \/>\nDezember 2015\t\t<\/p>\n","protected":false},"excerpt":{"rendered":"<p>Kamera: Canon EOS 500N Film: Fujicolor Superia X-Tra 800 (exp. 09\/2011), mit Gr\u00fcnfilter, teilweise doppelt belichtet Location: G\u00e4ngeviertel und U-Bahnhof G\u00e4nsemarkt, Hamburg Dezember 2015<\/p>\n","protected":false},"author":1,"featured_media":0,"comment_status":"closed","ping_status":"closed","sticky":false,"template":"","format":"standard","meta":{"_monsterinsights_skip_tracking":false,"_monsterinsights_sitenote_active":false,"_monsterinsights_sitenote_note":"","_monsterinsights_sitenote_category":0,"_uf_show_specific_survey":0,"_uf_disable_surveys":false,"jetpack_post_was_ever_published":false,"_jetpack_newsletter_access":"","_jetpack_dont_email_post_to_subs":false,"_jetpack_newsletter_tier_id":0,"_jetpack_memberships_contains_paywalled_content":false,"_jetpack_memberships_contains_paid_content":false,"footnotes":"","jetpack_publicize_message":"","jetpack_publicize_feature_enabled":true,"jetpack_social_post_already_shared":true,"jetpack_social_options":{"image_generator_settings":{"template":"highway","default_image_id":0,"font":"","enabled":false},"version":2}},"categories":[6,1591],"tags":[49,58,94,263,318,319,374,416,463,465,466,477,478,883,1053,1233,1250,1348],"class_list":["post-1303","post","type-post","status-publish","format-standard","hentry","category-portraits-analog","category-portraits-2015","tag-35mm","tag-abend","tag-analog","tag-crelm","tag-dunkel","tag-dunkelheit","tag-fahrraeder","tag-film","tag-fuji","tag-fujicolor","tag-fujifilm","tag-gaengeviertel","tag-gansemarkt","tag-nacht","tag-rolltreppe","tag-street","tag-superia","tag-verwegen"],"share_on_mastodon":{"url":"","error":""},"jetpack_publicize_connections":[],"jetpack_featured_media_url":"","jetpack_sharing_enabled":true,"jetpack_shortlink":"https:\/\/wp.me\/p7113x-l1","jetpack_likes_enabled":true,"publishpress_future_action":{"enabled":false,"date":"2026-05-04 11:41:29","action":"change-status","newStatus":"draft","terms":[],"taxonomy":"category","extraData":[]},"publishpress_future_workflow_manual_trigger":{"enabledWorkflows":[]},"_links":{"self":[{"href":"https:\/\/janmeifert.de\/blog\/index.php?rest_route=\/wp\/v2\/posts\/1303","targetHints":{"allow":["GET"]}}],"collection":[{"href":"https:\/\/janmeifert.de\/blog\/index.php?rest_route=\/wp\/v2\/posts"}],"about":[{"href":"https:\/\/janmeifert.de\/blog\/index.php?rest_route=\/wp\/v2\/types\/post"}],"author":[{"embeddable":true,"href":"https:\/\/janmeifert.de\/blog\/index.php?rest_route=\/wp\/v2\/users\/1"}],"replies":[{"embeddable":true,"href":"https:\/\/janmeifert.de\/blog\/index.php?rest_route=%2Fwp%2Fv2%2Fcomments&post=1303"}],"version-history":[{"count":1,"href":"https:\/\/janmeifert.de\/blog\/index.php?rest_route=\/wp\/v2\/posts\/1303\/revisions"}],"predecessor-version":[{"id":3338,"href":"https:\/\/janmeifert.de\/blog\/index.php?rest_route=\/wp\/v2\/posts\/1303\/revisions\/3338"}],"wp:attachment":[{"href":"https:\/\/janmeifert.de\/blog\/index.php?rest_route=%2Fwp%2Fv2%2Fmedia&parent=1303"}],"wp:term":[{"taxonomy":"category","embeddable":true,"href":"https:\/\/janmeifert.de\/blog\/index.php?rest_route=%2Fwp%2Fv2%2Fcategories&post=1303"},{"taxonomy":"post_tag","embeddable":true,"href":"https:\/\/janmeifert.de\/blog\/index.php?rest_route=%2Fwp%2Fv2%2Ftags&post=1303"}],"curies":[{"name":"wp","href":"https:\/\/api.w.org\/{rel}","templated":true}]}}